{"id":2759,"date":"2016-10-28T11:24:13","date_gmt":"2016-10-28T14:24:13","guid":{"rendered":"https:\/\/delfosold.exportech.com.ar\/?p=2759"},"modified":"2016-10-28T11:24:13","modified_gmt":"2016-10-28T14:24:13","slug":"claves-para-un-2017-electoral-el-sustrato-de-tendencias-distritales","status":"publish","type":"post","link":"https:\/\/delfoscba.com.ar\/dev\/notas-de-opinion\/claves-para-un-2017-electoral-el-sustrato-de-tendencias-distritales\/","title":{"rendered":"CLAVES PARA UN 2017 ELECTORAL"},"content":{"rendered":"<p>Partiendo de la premisa de que toda elecci\u00f3n legislativa nacional de medio t\u00e9rmino es en primera instancia un plebiscito de la gesti\u00f3n presidencial, puede ser \u00fatil tomar como referencia un dato de la m\u00e1s reciente encuesta nacional de la consultora Gustavo C\u00f3rdoba &amp; Asociados. Sobre una muestra de 1.200 casos con un error muestral de +- 2,8% realizada a trav\u00e9s de un IVR telef\u00f3nico, adem\u00e1s de medir la imagen presidencial (ver datos arriba; click para agrandar), el estudio indag\u00f3 si el presidente Mauricio Macri deber\u00eda ser reelecto. Ante ese planteo, el 32% estuvo de acuerdo, contra un 48,9% que estuvo en desacuerdo; 19,1% no sabe o no contesta. As\u00ed, la cifra de acuerdo est\u00e1 en el orden de magnitud de los votos obtenidos por Macri en la primera vuelta presidencial de 2015 (34%). En cambio, el desacuerdo est\u00e1 en el orden de magnitud de los votos obtenidos por el FPV no en primera vuelta, sino en el ballotage del 22-N (48,6%).<\/p>\n<p>De esto se desprende que, hoy, los comicios legislativos de medio t\u00e9rmino estar\u00edan lejos de plebiscitar la continuidad de Cambiemos: apenas un tercio la avalar\u00eda, mientras que casi la mitad no la apoyar\u00eda. En cuanto a la variable territorial, en provincia de Buenos Aires s\u00f3lo 28,8% est\u00e1 de acuerdo con la reelecci\u00f3n, contra un 52,4% que est\u00e1 en desacuerdo (18,8% ns\/nc). Estos guarismos ilustran por qu\u00e9 de cara al 2017 el oficialismo enfrenta en ese distrito clave su mayor amenaza. En el resto del pa\u00eds, el 34,7% apoyar\u00eda una reelecci\u00f3n, contra un 46% que no (19,3% ns\/nc). El an\u00e1lisis por segmentos etarios arroja que de los 16 a 30 a\u00f1os, 26,4% est\u00e1 de acuerdo con la reelecci\u00f3n y 53,9% en desacuerdo (19,7% ns\/nc); en los electores de 31 a 45 a\u00f1os, el 28,3% est\u00e1 de acuerdo y el 57% en desacuerdo (14,7% ns\/nc); entre 46 y 60 a\u00f1os, el 31,7% est\u00e1 de acuerdo y el 48% en desacuerdo (20,3% ns\/nc). A su turno, entre mayores de 60 a\u00f1os, el 37,6% est\u00e1 de acuerdo y el 42% en desacuerdo (20,5%).<\/p>\n<p>Si bien la pregunta de reelecci\u00f3n siempre sondea hip\u00f3tesis \u201cmaximalistas\u201d (despierta menos resistencia acompa\u00f1ar con el voto legislativo a una gesti\u00f3n en su medio t\u00e9rmino que avalar su continuidad en el poder por otro mandato), esta medici\u00f3n permite ponderar que el acompa\u00f1amiento \u201cduro\u201d al gobierno est\u00e1 acotado a la porci\u00f3n de votantes que logr\u00f3 en primera vuelta, sin un avance sobre otros segmentos de electores. Del mismo modo, ratifica un rechazo de casi la mitad del total, guarismo cuya coincidencia con el voto del FPV no es azarosa. El an\u00e1lisis por variables de corte, asimismo, ratifica que la opci\u00f3n de continuidad dura no se impone en t\u00e9rminos de PBA vs interior ni tampoco en los distintos segmentos etarios en los que se divide la muestra.<\/p>\n<p>Si en la entrada anterior el promedio de dos encuestas (CEOP e Ibar\u00f3metro) nos permit\u00eda obtener un promedio a lo \u201cNate Silver\u201d de un 32% de electores permeables a Cambiemos, un 33% de electores permeables al FPV y un 33% de electores permeables a los dem\u00e1s espacios pol\u00edticos (distribuci\u00f3n en tres tercios que recreaba el sustrato pol\u00edtico que planteamos oportunamente en el contexto preelectoral del a\u00f1o 2015), un promedio con los nuevos tres estudios alternativos (Management &amp; Fit, Synopsis y Gustavo C\u00f3rdoba) nos permite calcular una nueva media aritm\u00e9tica, de la que resulta un 36,6% de oficialistas, 41,9% de opositores y 21,4% de neutros. Comparada con la distribuci\u00f3n anterior, aqu\u00ed el panorama tiende a polarizarse y, consecuentemente, cede la fragmentaci\u00f3n: los \u00aboficialistas\u00bb crecen unos 4 puntos porcentuales, mientras que \u00abopositores\u00bb suben 9 puntos porcentuales.<\/p>\n","protected":false},"excerpt":{"rendered":"<p>Partiendo de la premisa de que toda elecci\u00f3n legislativa nacional de medio t\u00e9rmino es en primera instancia un plebiscito de la gesti\u00f3n presidencial, puede ser \u00fatil tomar como referencia un dato de la m\u00e1s reciente encuesta nacional de la consultora Gustavo C\u00f3rdoba &amp; Asociados. Sobre una muestra de 1.200 casos con un error muestral de [&hellip;]<\/p>\n","protected":false},"author":1,"featured_media":0,"comment_status":"open","ping_status":"open","sticky":false,"template":"","format":"standard","meta":{"_acf_changed":false,"footnotes":""},"categories":[6],"tags":[],"class_list":["post-2759","post","type-post","status-publish","format-standard","hentry","category-notas-de-opinion","et-doesnt-have-format-content","et_post_format-et-post-format-standard"],"acf":[],"_links":{"self":[{"href":"https:\/\/delfoscba.com.ar\/dev\/wp-json\/wp\/v2\/posts\/2759","targetHints":{"allow":["GET"]}}],"collection":[{"href":"https:\/\/delfoscba.com.ar\/dev\/wp-json\/wp\/v2\/posts"}],"about":[{"href":"https:\/\/delfoscba.com.ar\/dev\/wp-json\/wp\/v2\/types\/post"}],"author":[{"embeddable":true,"href":"https:\/\/delfoscba.com.ar\/dev\/wp-json\/wp\/v2\/users\/1"}],"replies":[{"embeddable":true,"href":"https:\/\/delfoscba.com.ar\/dev\/wp-json\/wp\/v2\/comments?post=2759"}],"version-history":[{"count":0,"href":"https:\/\/delfoscba.com.ar\/dev\/wp-json\/wp\/v2\/posts\/2759\/revisions"}],"wp:attachment":[{"href":"https:\/\/delfoscba.com.ar\/dev\/wp-json\/wp\/v2\/media?parent=2759"}],"wp:term":[{"taxonomy":"category","embeddable":true,"href":"https:\/\/delfoscba.com.ar\/dev\/wp-json\/wp\/v2\/categories?post=2759"},{"taxonomy":"post_tag","embeddable":true,"href":"https:\/\/delfoscba.com.ar\/dev\/wp-json\/wp\/v2\/tags?post=2759"}],"curies":[{"name":"wp","href":"https:\/\/api.w.org\/{rel}","templated":true}]}}