{"id":2885,"date":"2016-11-14T09:37:03","date_gmt":"2016-11-14T12:37:03","guid":{"rendered":"https:\/\/delfosold.exportech.com.ar\/?p=2885"},"modified":"2016-11-14T09:37:03","modified_gmt":"2016-11-14T12:37:03","slug":"la-rebelion-de-las-clases-medias","status":"publish","type":"post","link":"https:\/\/delfoscba.com.ar\/dev\/notas-de-opinion\/la-rebelion-de-las-clases-medias\/","title":{"rendered":"Triunfo de Donald Trump | LA REBELI\u00d3N  DE LAS CLASES MEDIAS"},"content":{"rendered":"<p>&nbsp;<\/p>\n<p>&nbsp;<\/p>\n<p>Por <strong>Luis Dall&#8217;Aglio<\/strong><\/p>\n<p>Director de la Consultora DELFOS<br \/>\nAl triunfo de Donald Trump no se lo puede analizar sin observar lo que est\u00e1 ocurriendo en otros pa\u00edses.<\/p>\n<p>La reacci\u00f3n de las clases medias empobrecidas est\u00e1 promoviendo \u201csorpresas\u201d, que reci\u00e9n ahora el sistema pol\u00edtico internacional comienza a contemplarlo en sus an\u00e1lisis.<\/p>\n<p>El \u201cBrexit\u201d en Gran Breta\u00f1a fue producto de lo mismo; la crisis pol\u00edtica que tuvo 10 meses sin gobierno a Espa\u00f1a, el conflicto en Grecia, la ca\u00edda del acuerdo de paz en Colombia, tambi\u00e9n.<\/p>\n<p>Algunos puntos a tener en cuenta donde se explica este fen\u00f3meno:<\/p>\n<ul>\n<li>En Estados Unidos, en la d\u00e9cada del 70 la clase media era m\u00e1s del 64 por ciento: despu\u00e9s de la crisis de Lehman Brothers en 2008, esas cifras cayeron por debajo del 55%. Claramente, lo que est\u00e1 en crisis es la sociedad asalariada.<\/li>\n<li>Las sociedades no est\u00e1n en contra de la globalizaci\u00f3n, algo que en manos de la tecnolog\u00eda es dif\u00edcil de detener. Resisten el modo en que se globaliz\u00f3 y est\u00e1n pidiendo un cambio. Esta globalizaci\u00f3n generaliz\u00f3 negocios, riquezas, terrorismo, pobreza, inmigrantes, desempleo y borr\u00f3 las identidades de muchos pueblos. El reclamo es subirse a ese carro con una idea integradora, que respete las culturas, sume trabajo y haga del mundo un lugar m\u00e1s seguro.<\/li>\n<li>Hay nuevas alianzas sociales que se encuentran a partir de tener necesidades y valores similares, m\u00e1s all\u00e1 de etnias, clases sociales o miradas ideol\u00f3gicas. Cambia el paradigma y las reglas ya no se disponen en funci\u00f3n de Dem\u00f3cratas o Republicanos; Izquierdas o Derechas; proteccionistas o libremercadistas; cat\u00f3licos, musulmanes u ortodoxos. Estos desplazamientos en las cortezas sociales generan nuevos movimientos que la dirigencia pol\u00edtica tendr\u00e1 que gobernar.<\/li>\n<li>Estos desplazamientos sociales se van a presentar como movimientos nacionales, y seguro que se los va a confundir con formas de neo-nacionalismo de derecha; ser\u00eda un error. Como se plante\u00f3 antes, excede esos paradigmas.<br \/>\nEn Argentina tambi\u00e9n pasa algo similar. El 64 por ciento de los que habitan este pa\u00eds son de clase media, de acuerdo a estudios nacionales de m\u00e1s de nueve mil casos domiciliarios realizados ininterrumpidamente por la consultora DELFOS, desde 2004.<\/li>\n<\/ul>\n<p>Pero, cuando se los consulta de qu\u00e9 clase social se consideran, el 75 por ciento se define de Clase Media.<\/p>\n<p>Los sectores bajos no cambian gobiernos; s\u00ed las clases medias, y es tiempo de considerarlas como factor pol\u00edtico: le dieron el triunfo resonante a Cristina Fern\u00e1ndez en 2011 y generaron la sorpresa en 2015, con Mauricio Macri.<\/p>\n<p>Esta supuesta contradicci\u00f3n ideol\u00f3gica no existe. Se explica en el desplazamiento de capas sociales que, como se dijo, tambi\u00e9n se mueven en otro paradigma que excede al peronismo, al radicalismo, a las izquierdas y derechas.<\/p>\n<p>Se mueven y generan estr\u00e9pito, pero tambi\u00e9n van condicionando los procesos pol\u00edticos (achicando la cancha) a los gobiernos que se suceden.<\/p>\n<p>Es decir, deben moverse en escenarios acotados por los problemas econ\u00f3micos y sociales y la respuesta es cada vez m\u00e1s inmediata.<\/p>\n<p>Claramente, ya no hay una crisis de representatividad, sino de sentido de la pol\u00edtica, que deber\u00e1 ser reflexionado para encaminar una democracia cuestionada en su capacidad de respuesta.<\/p>\n","protected":false},"excerpt":{"rendered":"<p>Elecci\u00f3n en EE.UU. La reacci\u00f3n de las clases medias empobrecidas est\u00e1n promoviendo \u00absorpresas\u00bb que reci\u00e9n ahora el sistema pol\u00edtico internacional comienza a contemplarlo en sus an\u00e1lisis.<\/p>\n","protected":false},"author":1,"featured_media":0,"comment_status":"open","ping_status":"open","sticky":false,"template":"","format":"standard","meta":{"_acf_changed":false,"footnotes":""},"categories":[6],"tags":[39,136,137,56,134],"class_list":["post-2885","post","type-post","status-publish","format-standard","hentry","category-notas-de-opinion","tag-argentina","tag-clase-media","tag-mundo","tag-politica","tag-trump","et-doesnt-have-format-content","et_post_format-et-post-format-standard"],"acf":[],"_links":{"self":[{"href":"https:\/\/delfoscba.com.ar\/dev\/wp-json\/wp\/v2\/posts\/2885","targetHints":{"allow":["GET"]}}],"collection":[{"href":"https:\/\/delfoscba.com.ar\/dev\/wp-json\/wp\/v2\/posts"}],"about":[{"href":"https:\/\/delfoscba.com.ar\/dev\/wp-json\/wp\/v2\/types\/post"}],"author":[{"embeddable":true,"href":"https:\/\/delfoscba.com.ar\/dev\/wp-json\/wp\/v2\/users\/1"}],"replies":[{"embeddable":true,"href":"https:\/\/delfoscba.com.ar\/dev\/wp-json\/wp\/v2\/comments?post=2885"}],"version-history":[{"count":0,"href":"https:\/\/delfoscba.com.ar\/dev\/wp-json\/wp\/v2\/posts\/2885\/revisions"}],"wp:attachment":[{"href":"https:\/\/delfoscba.com.ar\/dev\/wp-json\/wp\/v2\/media?parent=2885"}],"wp:term":[{"taxonomy":"category","embeddable":true,"href":"https:\/\/delfoscba.com.ar\/dev\/wp-json\/wp\/v2\/categories?post=2885"},{"taxonomy":"post_tag","embeddable":true,"href":"https:\/\/delfoscba.com.ar\/dev\/wp-json\/wp\/v2\/tags?post=2885"}],"curies":[{"name":"wp","href":"https:\/\/api.w.org\/{rel}","templated":true}]}}