{"id":2927,"date":"2016-11-21T11:19:31","date_gmt":"2016-11-21T14:19:31","guid":{"rendered":"https:\/\/delfosold.exportech.com.ar\/?p=2927"},"modified":"2021-04-13T13:38:03","modified_gmt":"2021-04-13T13:38:03","slug":"encuesta-siete-de-cada-10-personas-preocupadas-por-la-economia","status":"publish","type":"post","link":"https:\/\/delfoscba.com.ar\/dev\/economia\/encuesta-siete-de-cada-10-personas-preocupadas-por-la-economia\/","title":{"rendered":"Encuesta | Siete de cada 10 personas preocupadas por la econom\u00eda"},"content":{"rendered":"<p>El soci\u00f3logo y director del Centro de Estudios de Opini\u00f3n P\u00fablica (CEOP), Roberto Bacman, sostuvo que seg\u00fan una encuesta realizada por la consultora, \u00absiete de cada diez personas est\u00e1n preocupadas por la econom\u00eda\u00bb y que el 56% de los mismos considera que el responsable es el gobierno de Mauricio Macri.<\/p>\n<p>\u00abEl 70% de los encuestados no ve bien la econom\u00eda. Es un dato de la realidad muy duro\u00bb, sostuvo Bacman en declaraciones al programa \u00abMa\u00f1ana Sylvestre\u00bb, que se emite por Radio 10.<\/p>\n<p>Asimismo, remarc\u00f3 que \u00abcreci\u00f3 la preocupaci\u00f3n por la econom\u00eda debido a la inflaci\u00f3n y la desocupaci\u00f3n\u00bb y en ese sentido dijo que \u00abhay gente que ya perdi\u00f3 la paciencia\u00bb y gente que se arrepinti\u00f3 de su voto en las elecciones presidenciales de 2015.<\/p>\n<p><a href=\"https:\/\/delfoscba.com.ar\/\/dev\/\/wp-content\/uploads\/2016\/11\/bacman-1.jpg\"><img fetchpriority=\"high\" decoding=\"async\" class=\"aligncenter size-full wp-image-2932\" src=\"https:\/\/delfoscba.com.ar\/\/dev\/\/wp-content\/uploads\/2016\/11\/bacman-1.jpg\" alt=\"bacman\" width=\"494\" height=\"512\" \/><\/a><\/p>\n","protected":false},"excerpt":{"rendered":"<p>El 70% de los encuestados no ve bien la econom\u00eda. Es un dato de la realidad muy duro\u00bb, sostuvo Bacman en declaraciones al programa \u00abMa\u00f1ana Sylvestre\u00bb, que se emite por Radio 10.<\/p>\n","protected":false},"author":1,"featured_media":2933,"comment_status":"open","ping_status":"open","sticky":false,"template":"","format":"standard","meta":{"_acf_changed":false,"footnotes":""},"categories":[2],"tags":[],"class_list":["post-2927","post","type-post","status-publish","format-standard","has-post-thumbnail","hentry","category-economia","et-has-post-format-content","et_post_format-et-post-format-standard"],"acf":[],"_links":{"self":[{"href":"https:\/\/delfoscba.com.ar\/dev\/wp-json\/wp\/v2\/posts\/2927","targetHints":{"allow":["GET"]}}],"collection":[{"href":"https:\/\/delfoscba.com.ar\/dev\/wp-json\/wp\/v2\/posts"}],"about":[{"href":"https:\/\/delfoscba.com.ar\/dev\/wp-json\/wp\/v2\/types\/post"}],"author":[{"embeddable":true,"href":"https:\/\/delfoscba.com.ar\/dev\/wp-json\/wp\/v2\/users\/1"}],"replies":[{"embeddable":true,"href":"https:\/\/delfoscba.com.ar\/dev\/wp-json\/wp\/v2\/comments?post=2927"}],"version-history":[{"count":1,"href":"https:\/\/delfoscba.com.ar\/dev\/wp-json\/wp\/v2\/posts\/2927\/revisions"}],"predecessor-version":[{"id":10779,"href":"https:\/\/delfoscba.com.ar\/dev\/wp-json\/wp\/v2\/posts\/2927\/revisions\/10779"}],"wp:featuredmedia":[{"embeddable":true,"href":"https:\/\/delfoscba.com.ar\/dev\/wp-json\/wp\/v2\/media\/2933"}],"wp:attachment":[{"href":"https:\/\/delfoscba.com.ar\/dev\/wp-json\/wp\/v2\/media?parent=2927"}],"wp:term":[{"taxonomy":"category","embeddable":true,"href":"https:\/\/delfoscba.com.ar\/dev\/wp-json\/wp\/v2\/categories?post=2927"},{"taxonomy":"post_tag","embeddable":true,"href":"https:\/\/delfoscba.com.ar\/dev\/wp-json\/wp\/v2\/tags?post=2927"}],"curies":[{"name":"wp","href":"https:\/\/api.w.org\/{rel}","templated":true}]}}