{"id":2944,"date":"2016-11-23T09:41:54","date_gmt":"2016-11-23T12:41:54","guid":{"rendered":"https:\/\/delfosold.exportech.com.ar\/?p=2944"},"modified":"2021-04-13T13:37:07","modified_gmt":"2021-04-13T13:37:07","slug":"la-expectativa-de-inflacion-se-acelero-en-octubre","status":"publish","type":"post","link":"https:\/\/delfoscba.com.ar\/dev\/economia\/la-expectativa-de-inflacion-se-acelero-en-octubre\/","title":{"rendered":"Encuesta | 37% es la expectativa de inflaci\u00f3n en octubre para los cordobeses"},"content":{"rendered":"<p>El rebrote inflacionario del mes pasado volvi\u00f3 a disparar la inflaci\u00f3n esperada por los cordobeses.<\/p>\n<p>Por Norman Berra | Encargado de Proyectos Consultora Delfos<\/p>\n<p>En el pasado mes de octubre, la media de inflaci\u00f3n esperada por los cordobeses para los pr\u00f3ximos 12 meses trep\u00f3 al 37 por ciento, el registro m\u00e1s alto en lo que va del segundo semestre del 2016. El dato surge de la \u00faltima encuesta realizada por la consultora Delfos en C\u00f3rdoba Capital y 13 ciudades del interior provincial, una muestra representativa de toda la provincia con 1.800 casos y un error muestral de +-2,3%.<br \/>\nEse registro de 37 por ciento se produjo en el mes en el que la inflaci\u00f3n oficial (seg\u00fan la Direcci\u00f3n General de Estad\u00edstica y Censos de la Provincia) alcanz\u00f3 un 40,5% interanual (es decir, respecto a octubre de 2015); un 30,46% acumulado desde diciembre de 2015, y un 2,25 por ciento en octubre propiamente dicho. As\u00ed, puede advertirse que el rebrote inflacionario de ese mes aceler\u00f3 la expectativa de inflaci\u00f3n futura, acerc\u00e1ndola a los valores de la interanual: en octubre se registr\u00f3 el valor m\u00e1s alto de inflaci\u00f3n mensual en lo que va del segundo semestre del a\u00f1o (2,25%). En septiembre de 2016, con una inflaci\u00f3n mensual de 1,76% y una interanual de 39,13%, la inflaci\u00f3n esperada hab\u00eda sido de 26%; en agosto, la inflaci\u00f3n mensual hab\u00eda sido de 0,28% (el valor m\u00e1s bajo de todo el a\u00f1o) y la interanual de 39,15%, mientras que, en julio pasado, una inflaci\u00f3n mensual de 1,66% coincidi\u00f3 con una interanual de 41,07%. Como se advierte, en los meses en que la inflaci\u00f3n mensual se ubic\u00f3 en torno al 1,7% (julio y septiembre), la expectativa se ubic\u00f3 entre 26% y 27%; cuando la inflaci\u00f3n mensual baj\u00f3 cerca del 0% (agosto), la expectativa se acerc\u00f3 al 20%. Por contrapartida, cuando la inflaci\u00f3n mensual super\u00f3 el 2% (octubre), la expectativa se aceler\u00f3, acerc\u00e1ndose al 40%.<br \/>\nEn lo que va del segundo semestre, s\u00f3lo en agosto se registr\u00f3 una expectativa de inflaci\u00f3n descendente (21%). Ese mes, por el efecto del fallo de la Corte Suprema de Justicia de la Naci\u00f3n que anul\u00f3 el aumento de tarifas, el \u00edndice de precios a nivel nacional toc\u00f3 su valor m\u00e1s bajo en todo el a\u00f1o 2016 (0,2% a nivel pa\u00eds y 0,28% en C\u00f3rdoba). En septiembre, con una inflaci\u00f3n de 1,76% a nivel provincia, la expectativa inflacionaria a 12 meses volvi\u00f3 a subir hasta 26%, mientras que en octubre se dispar\u00f3 hasta alcanzar un pico del 37% (la m\u00e1s alta en lo que va del segundo semestre). Esto complica la estrategia del gobierno nacional, que apuntaba a generar expectativas descendentes respecto al aumento de precios para disminuir la conflictividad social de cara al fin de a\u00f1o y contrarrestar la inercia inflacionaria hacia 2017.<br \/>\nEn ese marco, una expectativa inflacionaria de 37% para los pr\u00f3ximos 12 meses est\u00e1 muy por encima del objetivo oficial de 17% previsto por el presupuesto del gobierno nacional, y pone de manifiesto que, en la percepci\u00f3n de la opini\u00f3n p\u00fablica, la administraci\u00f3n Cambiemos est\u00e1 lejos de \u201cdomar\u201d la inflaci\u00f3n. Eso permite entender por qu\u00e9 si bien la creencia a largo plazo en que el presidente Mauricio Macri lograr\u00e1 reducir la inflaci\u00f3n se mantiene alta (53% en octubre), el escepticismo al respecto tambi\u00e9n se ubic\u00f3 en un valor pico en lo que va del segundo semestre: 36 por ciento.<\/p>\n<p>&nbsp;<\/p>\n<p><a href=\"https:\/\/delfoscba.com.ar\/\/dev\/\/wp-content\/uploads\/2016\/11\/Diapositiva1-1.jpg\"><img fetchpriority=\"high\" decoding=\"async\" class=\"aligncenter wp-image-2945\" src=\"https:\/\/delfoscba.com.ar\/\/dev\/\/wp-content\/uploads\/2016\/11\/Diapositiva1-1-300x169.jpg\" alt=\"\u00cdndices de inflaci\u00f3n\" width=\"550\" height=\"309\" \/><\/a><\/p>\n<p><a href=\"https:\/\/delfoscba.com.ar\/\/dev\/\/wp-content\/uploads\/2016\/11\/Diapositiva2-1.jpg\"><img decoding=\"async\" class=\"aligncenter wp-image-2946\" src=\"https:\/\/delfoscba.com.ar\/\/dev\/\/wp-content\/uploads\/2016\/11\/Diapositiva2-1.jpg\" alt=\"Expectativa de inflaci\u00f3n\" width=\"550\" height=\"309\" \/><\/a><\/p>\n<p><a href=\"https:\/\/delfoscba.com.ar\/\/dev\/\/wp-content\/uploads\/2016\/11\/Diapositiva3-1.jpg\"><img decoding=\"async\" class=\"aligncenter wp-image-2947\" src=\"https:\/\/delfoscba.com.ar\/\/dev\/\/wp-content\/uploads\/2016\/11\/Diapositiva3-1.jpg\" alt=\"Expectativa de inflaci\u00f3n \" width=\"550\" height=\"309\" \/><\/a><\/p>\n<p><a href=\"https:\/\/delfoscba.com.ar\/\/dev\/\/wp-content\/uploads\/2016\/11\/Diapositiva4-1.jpg\"><img loading=\"lazy\" decoding=\"async\" class=\"aligncenter wp-image-2948\" src=\"https:\/\/delfoscba.com.ar\/\/dev\/\/wp-content\/uploads\/2016\/11\/Diapositiva4-1.jpg\" alt=\"Expectativa de inflaci\u00f3n por NSE\" width=\"550\" height=\"309\" \/><\/a><\/p>\n<p><a href=\"https:\/\/delfoscba.com.ar\/\/dev\/\/wp-content\/uploads\/2016\/11\/28092016-INFLACION-OCTUBRE.jpg\"><img loading=\"lazy\" decoding=\"async\" class=\"aligncenter wp-image-2958\" src=\"https:\/\/delfoscba.com.ar\/\/dev\/\/wp-content\/uploads\/2016\/11\/28092016-INFLACION-OCTUBRE.jpg\" alt=\"Reducci\u00f3n de la inflaci\u00f3n\" width=\"550\" height=\"309\" srcset=\"https:\/\/delfoscba.com.ar\/dev\/wp-content\/uploads\/2016\/11\/28092016-INFLACION-OCTUBRE.jpg 960w, https:\/\/delfoscba.com.ar\/dev\/wp-content\/uploads\/2016\/11\/28092016-INFLACION-OCTUBRE-300x169.jpg 300w, https:\/\/delfoscba.com.ar\/dev\/wp-content\/uploads\/2016\/11\/28092016-INFLACION-OCTUBRE-768x432.jpg 768w\" sizes=\"(max-width: 550px) 100vw, 550px\" \/><\/a><\/p>\n<p>&nbsp;<\/p>\n<p>&nbsp;<\/p>\n<p>&nbsp;<\/p>\n<p>&nbsp;<\/p>\n","protected":false},"excerpt":{"rendered":"<p>En el mes de octubre, la media de inflaci\u00f3n esperada por los cordobeses para los pr\u00f3ximos 12 meses trep\u00f3 al 37 por ciento, el registro m\u00e1s alto en lo que va del segundo semestre del 2016.<\/p>\n","protected":false},"author":1,"featured_media":2946,"comment_status":"open","ping_status":"open","sticky":false,"template":"","format":"standard","meta":{"_acf_changed":false,"footnotes":""},"categories":[2,90],"tags":[39,81,38,145],"class_list":["post-2944","post","type-post","status-publish","format-standard","has-post-thumbnail","hentry","category-economia","category-el-dato-de-delfos","tag-argentina","tag-consumo","tag-cordoba","tag-inflacion","et-has-post-format-content","et_post_format-et-post-format-standard"],"acf":[],"_links":{"self":[{"href":"https:\/\/delfoscba.com.ar\/dev\/wp-json\/wp\/v2\/posts\/2944","targetHints":{"allow":["GET"]}}],"collection":[{"href":"https:\/\/delfoscba.com.ar\/dev\/wp-json\/wp\/v2\/posts"}],"about":[{"href":"https:\/\/delfoscba.com.ar\/dev\/wp-json\/wp\/v2\/types\/post"}],"author":[{"embeddable":true,"href":"https:\/\/delfoscba.com.ar\/dev\/wp-json\/wp\/v2\/users\/1"}],"replies":[{"embeddable":true,"href":"https:\/\/delfoscba.com.ar\/dev\/wp-json\/wp\/v2\/comments?post=2944"}],"version-history":[{"count":1,"href":"https:\/\/delfoscba.com.ar\/dev\/wp-json\/wp\/v2\/posts\/2944\/revisions"}],"predecessor-version":[{"id":10778,"href":"https:\/\/delfoscba.com.ar\/dev\/wp-json\/wp\/v2\/posts\/2944\/revisions\/10778"}],"wp:featuredmedia":[{"embeddable":true,"href":"https:\/\/delfoscba.com.ar\/dev\/wp-json\/wp\/v2\/media\/2946"}],"wp:attachment":[{"href":"https:\/\/delfoscba.com.ar\/dev\/wp-json\/wp\/v2\/media?parent=2944"}],"wp:term":[{"taxonomy":"category","embeddable":true,"href":"https:\/\/delfoscba.com.ar\/dev\/wp-json\/wp\/v2\/categories?post=2944"},{"taxonomy":"post_tag","embeddable":true,"href":"https:\/\/delfoscba.com.ar\/dev\/wp-json\/wp\/v2\/tags?post=2944"}],"curies":[{"name":"wp","href":"https:\/\/api.w.org\/{rel}","templated":true}]}}