{"id":2987,"date":"2016-12-22T12:48:29","date_gmt":"2016-12-22T15:48:29","guid":{"rendered":"https:\/\/delfosold.exportech.com.ar\/?p=2987"},"modified":"2021-04-21T15:45:07","modified_gmt":"2021-04-21T15:45:07","slug":"navidad-o-ano-nuevo","status":"publish","type":"post","link":"https:\/\/delfoscba.com.ar\/dev\/sociedad\/navidad-o-ano-nuevo\/","title":{"rendered":"Encuesta | \u00bfQu\u00e9 se prefiere en C\u00f3rdoba, Navidad o A\u00f1o Nuevo?"},"content":{"rendered":"<h4>Por<strong> Lucas Gatica<\/strong><\/h4>\n<p>&nbsp;<\/p>\n<p>Las fiestas de fin de a\u00f1o son una oportunidad para conmemorar, celebrar con los seres queridos y hacer balances. M\u00e1s all\u00e1 del ambiente festivo que viste las fiestas, los festejos de este fin de a\u00f1o tendr\u00e1n sus particularidades, fundamentalmente de matiz econ\u00f3mico: las vacaciones y las fiestas ser\u00e1n 60 por ciento m\u00e1s caras este a\u00f1o con respecto al 2015, el consumo se desploma sin poder recuperarse y los \u00edndices macroecon\u00f3micos no son para nada alentadores, s\u00f3lo por nombrar algunos hechos concretos que ti\u00f1en este \u00faltimo a\u00f1o.<br \/>\nEstas celebraciones de fuerte impronta religiosa, fundamentalmente la Navidad, se han convertido en un momento de festividad grupal inherente a la condici\u00f3n de ciudadano occidental\/cat\u00f3lico. De igual modo, est\u00e1n aquellos que no le asignan un valor religioso a estas festividades, sino una dimensi\u00f3n cultural o social. Dicho eso, vale la pena aprovechar estas ocasiones y festejar la ocasi\u00f3n rodeado de gente querida. A fin de cuentas, las fiestas se acercan y es un buen momento para reducir el estr\u00e9s y disfrutar con los afectos.<br \/>\nSeg\u00fan la m\u00e1s reciente encuesta de la Consultora Delfos, en\u00a0la cual se indag\u00f3\u00a0qu\u00e9 fiesta de fin de a\u00f1o posee mayor importancia, la celebraci\u00f3n que goza de mayor consideraci\u00f3n para los cordobeses es la Navidad. Quiz\u00e1 ello se debe a que esta celebraci\u00f3n posee una connotaci\u00f3n religiosa, familiar y comunitaria m\u00e1s fuerte que el A\u00f1o Nuevo.<br \/>\nLa encuesta fue realizada en el mes de noviembre en C\u00f3rdoba Capital y 13 ciudades del interior provincial, que componen una muestra representativa de toda la provincia, con 1.800 casos con un error muestral de +\/- 2,3%.<br \/>\nEn primer lugar, el resultado general indica que se prefiere la Navidad (35%) al A\u00f1o Nuevo (17%). As\u00ed y todo, un 33% dice\u00a0que ambas les dan igual. Por otra parte, un 15% se\u00f1ala que no prefiere ninguna de las dos. En rigor, un 85% de nuestra sociedad se prepara para los festejos de fin de a\u00f1o.<\/p>\n<p><a href=\"https:\/\/delfoscba.com.ar\/\/dev\/\/wp-content\/uploads\/2016\/12\/image-12-1.png\"><img fetchpriority=\"high\" decoding=\"async\" class=\"aligncenter wp-image-2988\" src=\"https:\/\/delfoscba.com.ar\/\/dev\/\/wp-content\/uploads\/2016\/12\/image-12-1.png\" alt=\"image-12\" width=\"550\" height=\"316\" \/><\/a><br \/>\nEn cuanto a las variables sociodemogr\u00e1ficas, las mujeres son quienes m\u00e1s importancia le otorgan a la Navidad (40%) en comparaci\u00f3n con los hombres (30%). De modo inverso, son los hombres en contraposici\u00f3n a las mujeres quienes tienen mayor predilecci\u00f3n por el A\u00f1o Nuevo (20% vs. 14%).<\/p>\n<p><a href=\"https:\/\/delfoscba.com.ar\/\/dev\/\/wp-content\/uploads\/2016\/12\/image-13-1.png\"><img decoding=\"async\" class=\"aligncenter wp-image-2989\" src=\"https:\/\/delfoscba.com.ar\/\/dev\/\/wp-content\/uploads\/2016\/12\/image-13-1.png\" alt=\"image-13\" width=\"550\" height=\"317\" \/><\/a><\/p>\n<p>En esa l\u00ednea, si se compara la ciudad Capital con el resto de la provincia, se observa que es en C\u00f3rdoba Capital donde se prefiere en mayor medida la Navidad (39% vs. 32%). As\u00ed, hay un mayor n\u00famero de personas en el interior de la provincia para quienes las celebraciones de fin de a\u00f1o no tienen trascendencia (16% vs. 13%).<\/p>\n<p><a href=\"https:\/\/delfoscba.com.ar\/\/dev\/\/wp-content\/uploads\/2016\/12\/image-14-1.png\"><img decoding=\"async\" class=\"aligncenter wp-image-2990\" src=\"https:\/\/delfoscba.com.ar\/\/dev\/\/wp-content\/uploads\/2016\/12\/image-14-1.png\" alt=\"image-14\" width=\"550\" height=\"317\" \/><\/a><\/p>\n<p>Finalmente, el dato por nivel socioecon\u00f3mico no muestra grandes diferencias. En particular, hay que resaltar que en la clase baja hay un 17% que no le da importancia a ninguna de las dos fiestas. Asimismo, es la clase alta la que mayor inter\u00e9s muestra por la Navidad (40%) y el A\u00f1o Nuevo (21%).<\/p>\n<p><a href=\"https:\/\/delfoscba.com.ar\/\/dev\/\/wp-content\/uploads\/2016\/12\/image-15-1.png\"><img loading=\"lazy\" decoding=\"async\" class=\"aligncenter wp-image-2991\" src=\"https:\/\/delfoscba.com.ar\/\/dev\/\/wp-content\/uploads\/2016\/12\/image-15-1.png\" alt=\"image-15\" width=\"550\" height=\"317\" \/><\/a><\/p>\n<p>En cuanto a las edades, se advierte\u00a0que son los adultos j\u00f3venes (entre 30 y 49 a\u00f1os) quienes menos importancia le dan a las fiestas; en tanto, para el 15% de la franja etaria de 18 a 29 a\u00f1os ninguna de las dos fiestas tiene\u00a0importancia; un 18% de los adultos de 30 a 49 a\u00f1os se expresa en el mismo sentido. En esa l\u00ednea, son los mayores de 65 a\u00f1os quienes le dan mayor importancia a la Navidad (35%) y acusan el mayor porcentaje de importancia a ambas por igual (37%). Lamentablemente, no contamos con el dato sobre qu\u00e9 importancia le dan los menores de 18 a\u00f1os a estas celebraciones o cu\u00e1l fiesta prefieren en detrimento de la otra (dato que podr\u00eda ser de inter\u00e9s, ya que la Navidad y A\u00f1o Nuevo est\u00e1n fuertemente asociados a la ni\u00f1ez y adolescencia).<\/p>\n<p><a href=\"https:\/\/delfoscba.com.ar\/\/dev\/\/wp-content\/uploads\/2016\/12\/image-16-1.png\"><img loading=\"lazy\" decoding=\"async\" class=\"aligncenter wp-image-2992\" src=\"https:\/\/delfoscba.com.ar\/\/dev\/\/wp-content\/uploads\/2016\/12\/image-16-1.png\" alt=\"image-16\" width=\"550\" height=\"317\" \/><\/a><br \/>\nAs\u00ed pues, las fiestas de fin de a\u00f1o no guardan la misma significaci\u00f3n, tienen sus particularidades y en cada persona pueden despertar distintos sentimientos o evocar diversos episodios que lleven a que cada uno se vuelque hacia una u otra. No obstante, estos momentos pueden ser oportunidades para compartir con los otros, acercarse, desarrollar la empat\u00eda y festejar los encuentros sinceros.<\/p>\n<p>&nbsp;<\/p>\n","protected":false},"excerpt":{"rendered":"<p>Las fiestas de fin de a\u00f1o son una oportunidad para conmemorar, celebrar con los seres queridos y hacer balances. Los festejos de este fin de a\u00f1o tendr\u00e1n sus particularidades. <\/p>\n","protected":false},"author":1,"featured_media":3303,"comment_status":"open","ping_status":"open","sticky":false,"template":"","format":"standard","meta":{"_acf_changed":false,"footnotes":""},"categories":[90,4],"tags":[102,103,38,104,105,85],"class_list":["post-2987","post","type-post","status-publish","format-standard","has-post-thumbnail","hentry","category-el-dato-de-delfos","category-sociedad","tag-102","tag-ano-nuevo","tag-cordoba","tag-fiestas","tag-fin-de-ano","tag-navidad","et-has-post-format-content","et_post_format-et-post-format-standard"],"acf":[],"_links":{"self":[{"href":"https:\/\/delfoscba.com.ar\/dev\/wp-json\/wp\/v2\/posts\/2987","targetHints":{"allow":["GET"]}}],"collection":[{"href":"https:\/\/delfoscba.com.ar\/dev\/wp-json\/wp\/v2\/posts"}],"about":[{"href":"https:\/\/delfoscba.com.ar\/dev\/wp-json\/wp\/v2\/types\/post"}],"author":[{"embeddable":true,"href":"https:\/\/delfoscba.com.ar\/dev\/wp-json\/wp\/v2\/users\/1"}],"replies":[{"embeddable":true,"href":"https:\/\/delfoscba.com.ar\/dev\/wp-json\/wp\/v2\/comments?post=2987"}],"version-history":[{"count":2,"href":"https:\/\/delfoscba.com.ar\/dev\/wp-json\/wp\/v2\/posts\/2987\/revisions"}],"predecessor-version":[{"id":10877,"href":"https:\/\/delfoscba.com.ar\/dev\/wp-json\/wp\/v2\/posts\/2987\/revisions\/10877"}],"wp:featuredmedia":[{"embeddable":true,"href":"https:\/\/delfoscba.com.ar\/dev\/wp-json\/wp\/v2\/media\/3303"}],"wp:attachment":[{"href":"https:\/\/delfoscba.com.ar\/dev\/wp-json\/wp\/v2\/media?parent=2987"}],"wp:term":[{"taxonomy":"category","embeddable":true,"href":"https:\/\/delfoscba.com.ar\/dev\/wp-json\/wp\/v2\/categories?post=2987"},{"taxonomy":"post_tag","embeddable":true,"href":"https:\/\/delfoscba.com.ar\/dev\/wp-json\/wp\/v2\/tags?post=2987"}],"curies":[{"name":"wp","href":"https:\/\/api.w.org\/{rel}","templated":true}]}}