{"id":3056,"date":"2012-06-14T21:29:45","date_gmt":"2012-06-14T21:29:45","guid":{"rendered":"https:\/\/delfosold.exportech.com.ar\/?p=1170"},"modified":"2012-06-14T21:29:45","modified_gmt":"2012-06-14T21:29:45","slug":"cordobesas-se-pasan-52-dias-por-ano-viendo-tv","status":"publish","type":"post","link":"https:\/\/delfoscba.com.ar\/dev\/sociedad\/cordobesas-se-pasan-52-dias-por-ano-viendo-tv\/","title":{"rendered":"Cordobesas se pasan 52 d\u00edas por a\u00f1o viendo TV"},"content":{"rendered":"<p style=\"text-align: right;\">Por Santiago G\u00f3mez | Delfos<\/p>\n<p style=\"text-align: right;\"><a class=\"twitter-follow-button\" href=\"https:\/\/twitter.com\/SantyGomez\"> @SantyGomez<\/a><\/p>\n<p><script type=\"text\/javascript\">\/\/ <![CDATA[\n  !function(d,s,id){var js,fjs=d.getElementsByTagName(s)[0];if(!d.getElementById(id)){js=d.createElement(s);js.id=id;js.src=\"\/\/platform.twitter.com\/widgets.js\";fjs.parentNode.insertBefore(js,fjs);}}(document,\"script\",\"twitter-wjs\");\n\/\/ ]]><\/script><\/p>\n<p>Una encuesta realizada por la <span style=\"color: #0000ff;\"><a href=\"https:\/\/delfosold.exportech.com.ar\/\">Consultora Delfos<\/a><\/span> en la ciudad de C\u00f3rdoba devel\u00f3 que los cordobeses ven en promedio 3,2 horas diarias de TV.<\/p>\n<p>Si el resultado se proyecta \u00a0a lo largo de un a\u00f1o un cordob\u00e9s termina pas\u00e1ndose\u00a01.168 horas frente al televisor\u00a0(49 d\u00edas).<\/p>\n<p><strong>Son las mujeres quienes est\u00e1n m\u00e1s prendidas a la TV que los hombres: entre ellas la media es 3,4 horas diarias contra 3,0.<\/strong><\/p>\n<p>Cuando el an\u00e1lisis se realiza por nivel socioecon\u00f3mico, se observa que el consumo de TV crece a medida que se baja en la escala social.<\/p>\n<p>Un cordob\u00e9s de clase Alta ve 2,5 horas diarias, uno de clase Media 3,1 y uno de clase Baja 3,8.<\/p>\n<p>De la proyecci\u00f3n de los resultados a lo largo de un a\u00f1o surge el dato de que un cordob\u00e9s de nivel econ\u00f3mico bajo ve 20 d\u00edas m\u00e1s de TV que uno de sector alto.<\/p>\n<p><span style=\"text-align: center;\">Por edad son los J\u00f3venes con una media diaria de 3,5 los m\u00e1s adictos a la TV.<\/span><\/p>\n<p>As\u00ed a mayor edad cae el inter\u00e9s por la televisi\u00f3n: los adultos de 30 a 49 a\u00f1os ven 3,1 horas diarias y los mayores de 50 a\u00f1os.<\/p>\n<p>Si en este caso tambi\u00e9n los resultados se proyectan de manera anual, los j\u00f3venes a lo largo de 12 meses ven un semana m\u00e1s de TV que los mayores de 50.<\/p>\n<p>Mujeres j\u00f3venes de clase baja es el perfil que responde al t\u00edpico\u00a0cordob\u00e9s\u00a0adicto a la TV.<\/p>\n<p><strong>La vida frente a la TV<\/strong><\/p>\n<p>Un cordob\u00e9s de 50 consumi\u00f3 seis a\u00f1os y tres meses de su vida viendo TV por su parte una mujer de igual edad pas\u00f3 casi un a\u00f1o m\u00e1s frente a la \u201ccaja boba\u201d (siete a\u00f1os y dos meses).<\/p>\n<h3>Fuente de Informaci\u00f3n<\/h3>\n<p>&#8211; Relevamiento efectuado en la Ciudad de C\u00f3rdoba por la Consultora Delfos.<\/p>\n<p>Base: 500 casos domiciliarios.<\/p>\n<p>&#8211; Informe y An\u00e1lisis: Santiago G\u00f3mez <a href=\"https:\/\/twitter.com\/#!\/search\/santygomez\">@santygomez<\/a><\/p>\n\n\t\t<style>\n\t\t\t#gallery-1 {\n\t\t\t\tmargin: auto;\n\t\t\t}\n\t\t\t#gallery-1 .gallery-item {\n\t\t\t\tfloat: left;\n\t\t\t\tmargin-top: 10px;\n\t\t\t\ttext-align: center;\n\t\t\t\twidth: 50%;\n\t\t\t}\n\t\t\t#gallery-1 img {\n\t\t\t\tborder: 2px solid #cfcfcf;\n\t\t\t}\n\t\t\t#gallery-1 .gallery-caption {\n\t\t\t\tmargin-left: 0;\n\t\t\t}\n\t\t\t\/* see gallery_shortcode() in wp-includes\/media.php *\/\n\t\t<\/style>\n\t\t<div id='gallery-1' class='gallery galleryid-3056 gallery-columns-2 gallery-size-thumbnail'><dl class='gallery-item'>\n\t\t\t<dt class='gallery-icon landscape'>\n\t\t\t\t<a href='https:\/\/delfoscba.com.ar\/dev\/wp-content\/uploads\/2012\/06\/santygomez64.jpg'><img decoding=\"async\" width=\"150\" height=\"150\" src=\"https:\/\/delfoscba.com.ar\/dev\/wp-content\/uploads\/2012\/06\/santygomez64-150x150.jpg\" class=\"attachment-thumbnail size-thumbnail\" alt=\"\" \/><\/a>\n\t\t\t<\/dt><\/dl><dl class='gallery-item'>\n\t\t\t<dt class='gallery-icon landscape'>\n\t\t\t\t<a href='https:\/\/delfoscba.com.ar\/dev\/wp-content\/uploads\/2012\/06\/santygomez63.jpg'><img decoding=\"async\" width=\"150\" height=\"150\" src=\"https:\/\/delfoscba.com.ar\/dev\/wp-content\/uploads\/2012\/06\/santygomez63-150x150.jpg\" class=\"attachment-thumbnail size-thumbnail\" alt=\"\" \/><\/a>\n\t\t\t<\/dt><\/dl><br style=\"clear: both\" \/><dl class='gallery-item'>\n\t\t\t<dt class='gallery-icon landscape'>\n\t\t\t\t<a href='https:\/\/delfoscba.com.ar\/dev\/wp-content\/uploads\/2012\/06\/santygomez62.jpg'><img decoding=\"async\" width=\"150\" height=\"150\" src=\"https:\/\/delfoscba.com.ar\/dev\/wp-content\/uploads\/2012\/06\/santygomez62-150x150.jpg\" class=\"attachment-thumbnail size-thumbnail\" alt=\"\" \/><\/a>\n\t\t\t<\/dt><\/dl><dl class='gallery-item'>\n\t\t\t<dt class='gallery-icon landscape'>\n\t\t\t\t<a href='https:\/\/delfoscba.com.ar\/dev\/wp-content\/uploads\/2012\/06\/santygomez61.jpg'><img loading=\"lazy\" decoding=\"async\" width=\"150\" height=\"150\" src=\"https:\/\/delfoscba.com.ar\/dev\/wp-content\/uploads\/2012\/06\/santygomez61-150x150.jpg\" class=\"attachment-thumbnail size-thumbnail\" alt=\"\" \/><\/a>\n\t\t\t<\/dt><\/dl><br style=\"clear: both\" \/><dl class='gallery-item'>\n\t\t\t<dt class='gallery-icon landscape'>\n\t\t\t\t<a href='https:\/\/delfoscba.com.ar\/dev\/wp-content\/uploads\/2012\/06\/mujerestv.jpg'><img loading=\"lazy\" decoding=\"async\" width=\"150\" height=\"150\" src=\"https:\/\/delfoscba.com.ar\/dev\/wp-content\/uploads\/2012\/06\/mujerestv-150x150.jpg\" class=\"attachment-thumbnail size-thumbnail\" alt=\"\" \/><\/a>\n\t\t\t<\/dt><\/dl>\n\t\t\t<br style='clear: both' \/>\n\t\t<\/div>\n\n","protected":false},"excerpt":{"rendered":"<p>La investigaci\u00f3n realizada por la Consultora Delfos tuvo por objetivo conocer el nivel de consumo de televisi\u00f3n en la Ciudad de C\u00f3rdoba.<\/p>\n","protected":false},"author":1,"featured_media":0,"comment_status":"open","ping_status":"open","sticky":false,"template":"","format":"standard","meta":{"_acf_changed":false,"footnotes":""},"categories":[4],"tags":[31,92],"class_list":["post-3056","post","type-post","status-publish","format-standard","hentry","category-sociedad","tag-sociedad","tag-television","et-doesnt-have-format-content","et_post_format-et-post-format-standard"],"acf":[],"_links":{"self":[{"href":"https:\/\/delfoscba.com.ar\/dev\/wp-json\/wp\/v2\/posts\/3056","targetHints":{"allow":["GET"]}}],"collection":[{"href":"https:\/\/delfoscba.com.ar\/dev\/wp-json\/wp\/v2\/posts"}],"about":[{"href":"https:\/\/delfoscba.com.ar\/dev\/wp-json\/wp\/v2\/types\/post"}],"author":[{"embeddable":true,"href":"https:\/\/delfoscba.com.ar\/dev\/wp-json\/wp\/v2\/users\/1"}],"replies":[{"embeddable":true,"href":"https:\/\/delfoscba.com.ar\/dev\/wp-json\/wp\/v2\/comments?post=3056"}],"version-history":[{"count":0,"href":"https:\/\/delfoscba.com.ar\/dev\/wp-json\/wp\/v2\/posts\/3056\/revisions"}],"wp:attachment":[{"href":"https:\/\/delfoscba.com.ar\/dev\/wp-json\/wp\/v2\/media?parent=3056"}],"wp:term":[{"taxonomy":"category","embeddable":true,"href":"https:\/\/delfoscba.com.ar\/dev\/wp-json\/wp\/v2\/categories?post=3056"},{"taxonomy":"post_tag","embeddable":true,"href":"https:\/\/delfoscba.com.ar\/dev\/wp-json\/wp\/v2\/tags?post=3056"}],"curies":[{"name":"wp","href":"https:\/\/api.w.org\/{rel}","templated":true}]}}