{"id":3071,"date":"2012-07-18T14:35:36","date_gmt":"2012-07-18T14:35:36","guid":{"rendered":"https:\/\/delfosold.exportech.com.ar\/?p=1219"},"modified":"2012-07-18T14:35:36","modified_gmt":"2012-07-18T14:35:36","slug":"lugo-cuenta-con-mayor-respaldo-que-franco","status":"publish","type":"post","link":"https:\/\/delfoscba.com.ar\/dev\/sociedad\/lugo-cuenta-con-mayor-respaldo-que-franco\/","title":{"rendered":"Lugo cuenta con mayor respaldo que Franco"},"content":{"rendered":"<p>El <strong>58 % d<a href=\"https:\/\/delfoscba.com.ar\/\/dev\/\/wp-content\/uploads\/2012\/07\/lugo-franco.jpg\"><img decoding=\"async\" class=\"size-thumbnail wp-image-1220 alignleft\" title=\"lugo franco\" src=\"https:\/\/delfoscba.com.ar\/\/dev\/\/wp-content\/uploads\/2012\/07\/lugo-franco-150x150.jpg\" alt=\"\" width=\"150\" height=\"150\" \/><\/a>e los consultados calificaron como muy buena o buena la imagen del mandatario depuesto<\/strong> a trav\u00e9s de un golpe parlamentario. M\u00e1s de la mitad de los encuestados no conf\u00edan en el actual gobierno.<\/p>\n<p>Una encuesta de opini\u00f3n p\u00fablica encargada por medios de difusi\u00f3n afines al actual gobierno paraguayo reconoci\u00f3 hoy un ascenso en la popularidad del destituido presidente Fernando Lugo.<\/p>\n<p>La consulta, realizada por la empresa Ati Snead Consultores por encargo de Ultima Hora, Telefuturo y Radio Monumental, con opini\u00f3n editorial alineada al presidente Federico Franco, se realiz\u00f3 del 3 al 10 de este mes.<\/p>\n<p>Sus resultados, publicados en el diario Ultima Hora y recogidos por Prensa Latina, se\u00f1alan que 58 por ciento de las personas consultadas califica de muy buena o buena la imagen del mandatario constitucional desalojado del poder tras un juicio pol\u00edtico express.<\/p>\n<p><strong>Franco, en tanto, cuenta con una aprobaci\u00f3n de 46 por ciento<\/strong>, pero 48 por ciento de los consultados dijo tener una imagen mala o muy mala de \u00e9l.<\/p>\n<p>Adem\u00e1s, <strong>55 por ciento de los consultados tiene poca o ninguna confianza en el gobierno de Franco<\/strong>.<\/p>\n<p>Al mismo tiempo, el 56 por ciento aprob\u00f3 la celebraci\u00f3n del juicio pol\u00edtico contra Lugo, lo cual no parece concordar con el nivel de 58 por ciento de aprobaci\u00f3n personal que le adjudica la propia muestra.<\/p>\n<p>Para la confecci\u00f3n de la consulta, la empresa tom\u00f3 un universo de 1.800 personas mayores de 18 a\u00f1os, inscriptas en el padr\u00f3n electoral y residentes no s\u00f3lo en la capital del pa\u00eds sino en otros ocho departamentos de Paraguay.<\/p>\n<p>Fuente: TELAM<\/p>\n","protected":false},"excerpt":{"rendered":"<p>El 58 % de los consultados calificaron como muy buena o buena la imagen del mandatario depuesto a trav\u00e9s de un golpe parlamentario. M\u00e1s de la mitad de los encuestados no conf\u00edan en el actual gobierno. Una encuesta de opini\u00f3n p\u00fablica encargada por medios de difusi\u00f3n afines al actual gobierno paraguayo reconoci\u00f3 hoy un ascenso [&hellip;]<\/p>\n","protected":false},"author":1,"featured_media":0,"comment_status":"open","ping_status":"open","sticky":false,"template":"","format":"standard","meta":{"_acf_changed":false,"footnotes":""},"categories":[4],"tags":[],"class_list":["post-3071","post","type-post","status-publish","format-standard","hentry","category-sociedad","et-doesnt-have-format-content","et_post_format-et-post-format-standard"],"acf":[],"_links":{"self":[{"href":"https:\/\/delfoscba.com.ar\/dev\/wp-json\/wp\/v2\/posts\/3071","targetHints":{"allow":["GET"]}}],"collection":[{"href":"https:\/\/delfoscba.com.ar\/dev\/wp-json\/wp\/v2\/posts"}],"about":[{"href":"https:\/\/delfoscba.com.ar\/dev\/wp-json\/wp\/v2\/types\/post"}],"author":[{"embeddable":true,"href":"https:\/\/delfoscba.com.ar\/dev\/wp-json\/wp\/v2\/users\/1"}],"replies":[{"embeddable":true,"href":"https:\/\/delfoscba.com.ar\/dev\/wp-json\/wp\/v2\/comments?post=3071"}],"version-history":[{"count":0,"href":"https:\/\/delfoscba.com.ar\/dev\/wp-json\/wp\/v2\/posts\/3071\/revisions"}],"wp:attachment":[{"href":"https:\/\/delfoscba.com.ar\/dev\/wp-json\/wp\/v2\/media?parent=3071"}],"wp:term":[{"taxonomy":"category","embeddable":true,"href":"https:\/\/delfoscba.com.ar\/dev\/wp-json\/wp\/v2\/categories?post=3071"},{"taxonomy":"post_tag","embeddable":true,"href":"https:\/\/delfoscba.com.ar\/dev\/wp-json\/wp\/v2\/tags?post=3071"}],"curies":[{"name":"wp","href":"https:\/\/api.w.org\/{rel}","templated":true}]}}