{"id":3078,"date":"2017-01-17T11:32:43","date_gmt":"2017-01-17T14:32:43","guid":{"rendered":"https:\/\/delfosold.exportech.com.ar\/?p=3078"},"modified":"2017-01-17T11:32:43","modified_gmt":"2017-01-17T14:32:43","slug":"como-les-fue-a-los-presidentes-en-cordoba-despues-de-su-primer-ano","status":"publish","type":"post","link":"https:\/\/delfoscba.com.ar\/dev\/notas-de-opinion\/como-les-fue-a-los-presidentes-en-cordoba-despues-de-su-primer-ano\/","title":{"rendered":"C\u00f3mo les fue a los presidentes en C\u00f3rdoba despu\u00e9s de su primer a\u00f1o"},"content":{"rendered":"<p>&nbsp;<\/p>\n<p><strong>Luis Dall\u2019Aglio<\/strong><br \/>\nDirector de la Consultora DELFOS<\/p>\n<p>Desde siempre, la tendencia es evaluar los primeros 100 d\u00edas de cada gesti\u00f3n, en el convencimiento de que ese tiempo de \u201cluna de miel\u201d determinar\u00e1 el futuro v\u00ednculo con sus votantes.<\/p>\n<p>Pero, en realidad, es el primer a\u00f1o de gesti\u00f3n el que parece marcar a los per\u00edodos presidenciales, al menos a los que se sucedieron en los \u00faltimos 20 a\u00f1os de democracia. Particularmente, en la suerte con la que corren para las elecciones legislativas de medio t\u00e9rmino o la posibilidad de dar continuidad al mismo signo pol\u00edtico en el poder.<\/p>\n<p>Esta conclusi\u00f3n surge de un an\u00e1lisis de datos hist\u00f3ricos de encuestas realizadas bajo la misma metodolog\u00eda en la ciudad de C\u00f3rdoba por la Consultora Delfos, durante los mandatos de Carlos Menem, Fernando De la R\u00faa, N\u00e9stor Kirchner, Cristina Fern\u00e1ndez y Mauricio Macri. En todos los casos, se utilizaron muestras probabil\u00edsticas, poliet\u00e1picas por conglomerados poblacionales, entre vecinos mayores de 18 a\u00f1os y contacto domiciliario.<\/p>\n<p>El primer dato a destacar es que, cuando la evaluaci\u00f3n de gesti\u00f3n de su primer a\u00f1o de gobierno no super\u00f3 los 40 puntos de opini\u00f3n positiva, los oficialismos perdieron o lograron una escasa primera mayor\u00eda en los comicios de medio t\u00e9rmino o de recambio presidencial siguientes. Cristina Fern\u00e1ndez, quien marc\u00f3 ese guarismo (40%) en diciembre de 2011, vio c\u00f3mo su fuerza fue derrotada en Provincia de Buenos Aires y obtuvo un magro 33,6% en 2013. Peor suerte corrieron Carlos Menem y Fernando de la R\u00faa, quienes en diciembre de 1996 y diciembre de 2000 obtuvieron 13 por ciento de opiniones favorables, respectivamente, y perdieron las elecciones.<br \/>\nEn cambio, este comportamiento no se dio en las elecciones de medio t\u00e9rmino de 2005, cuando el Frente para la Victoria obtuvo el 40 por ciento de los votos, precisamente porque N\u00e9stor Kirchner hab\u00eda marcado el valor m\u00e1s alto del per\u00edodo analizado: cerr\u00f3 en mayo de 2004 (hab\u00eda asumido el 25 de mayo de 2003) con un 47 por ciento de imagen positiva.<\/p>\n<p><a href=\"https:\/\/delfoscba.com.ar\/\/dev\/\/wp-content\/uploads\/2017\/01\/Primer-ano-presidentes-finaaaal.jpg\"><img fetchpriority=\"high\" decoding=\"async\" class=\"aligncenter wp-image-3079\" src=\"https:\/\/delfoscba.com.ar\/\/dev\/\/wp-content\/uploads\/2017\/01\/Primer-ano-presidentes-finaaaal-300x189.jpg\" alt=\"Primer a\u00f1o presidentes finaaaal\" width=\"550\" height=\"346\" \/><\/a><\/p>\n<h4><\/h4>\n<h3>Complicado<\/h3>\n<p>Si esta teor\u00eda se confirma, Mauricio Macri tendr\u00e1 problemas para imponerse en los comicios de octubre de este a\u00f1o, ya que su Gobierno termin\u00f3 diciembre de 2016 con s\u00f3lo el 36 por ciento de opiniones favorables en C\u00f3rdoba, el distrito en el que m\u00e1s votos recogi\u00f3 como candidato a presidente (m\u00e1s del 70% en el ballotage ). Los datos muestran que hoy su imagen positiva est\u00e1 en un orden de magnitud de la mitad del acompa\u00f1amiento que tuvo en la segunda vuelta.<\/p>\n<p>Este an\u00e1lisis toma como \u00fanica referencia las opiniones positivas o negativas sobre un gobierno; es decir, los juicios de valor que ponen en juego las sociedades a la hora de analizar un proceso pol\u00edtico que involucra resultados, comportamientos p\u00fablicos del gobernante, sistema de prioridades y valores, que construyen identificaci\u00f3n pol\u00edtica.<\/p>\n<p>De seguro, tambi\u00e9n tienen mucho que ver los contextos sociales, econ\u00f3micos y pol\u00edticos en los que se desenvuelven esos gobiernos, y que tienden a significar de manera determinante cada momento. Sobre todo, en su misi\u00f3n pol\u00edtica.<\/p>\n<p>Claramente, fueron distintos los motivos que llevaron a Menem a un segundo per\u00edodo en 1995, impulsado por el recordado \u201cvoto cuota\u201d, que dio lugar al \u201cracionalismo pol\u00edtico\u201d en la conducta electoral y marcado a fuego por la tr\u00e1gica muerte de su hijo, Carlos Menem Junior.<\/p>\n<p>Tambi\u00e9n las motivaciones que hicieron presidente a Fernando de la R\u00faa se explicaban principalmente en \u201clo que se quer\u00eda cambiar\u201d antes que en \u201clo que se quer\u00eda elegir\u201d. Esta base del pensamiento pol\u00edtico de los argentinos fue la que caracteriz\u00f3 el comportamiento electoral en las elecciones sucesivas.<\/p>\n<p>N\u00e9stor Kirchner fue el hijo de la desesperaci\u00f3n y la necesidad de recuperar la normalidad, las certezas, en una Argentina que hab\u00eda sido maltratada, vapuleada en su dignidad y sumergida en la mayor de las verg\u00fcenzas como Naci\u00f3n de cara al mundo. Ven\u00edamos de \u201cla crisis de crisis\u201d: econ\u00f3mica, social, pol\u00edtica, institucional y de valores. Se hab\u00edan juntado todas las crisis posibles en un pa\u00eds.<\/p>\n<h3>Contradicciones<\/h3>\n<p>Cristina, en cambio, puede enmarcarse en un momento en el que \u201cel per\u00edodo K\u201d comenzaba a entrar en contradicciones con la realidad, hecho que se expresaba en una incipiente inflaci\u00f3n que se manifestaba en las g\u00f3ndolas, pero que el Gobierno ya negaba.<\/p>\n<p>El voto a la entonces primera dama encerraba en su g\u00e9nesis la debilidad de su futuro primer Gobierno (expuesto por la crisis del campo), con un fuerte pedido de cambio que nunca lleg\u00f3.<\/p>\n<p>Por eso, su magro nueve por ciento de imagen positiva al cierre de 2008 fue la antesala de la segunda derrota pol\u00edtica de los K (la primera fue \u201cel voto no positivo\u201d del vicepresidente Julio Cobos en el Congreso), en las elecciones legislativas de 2009.<\/p>\n<p>El propio N\u00e9stor fue derrotado por el fugaz Francisco de Narv\u00e1ez en provincia de Buenos Aires, y en la general el FPV obtuvo el 30,3 por ciento.<\/p>\n<p>El reposicionamiento de su gesti\u00f3n, entre 2010 y 2011, estuvo caracterizado por una fuerte b\u00fasqueda de certezas por parte de la sociedad y la necesidad de recuperaci\u00f3n el consumo y, adem\u00e1s, una inesperada muerte (la de N\u00e9stor Kirchner) puso a Cristina en la Casa Rosada por otro per\u00edodo.<\/p>\n<p>A los comportamientos sociales, a diferencia de quienes dijeron alguna vez que los estimula la b\u00fasqueda de la satisfacci\u00f3n, en ese momento los mov\u00eda pisar sobre tierra firme y predecible. Fue tan fuerte esa necesidad que, incluso, justific\u00f3 dejar de lado la b\u00fasqueda de un cambio en procura de certezas.<\/p>\n<p>De todos modos, los 40 puntos con los que termin\u00f3 el primer a\u00f1o de su segundo mandato parecen haber dado pie nuevamente a la tesis de este an\u00e1lisis: el Frente para la Victoria tuvo problemas en las elecciones de medio t\u00e9rmino de 2013 y perdi\u00f3 el poder en 2015.<\/p>\n<h3>No alcanzar\u00eda<\/h3>\n<p>En ambos casos, a manos de dirigentes sostenidos en alianzas no partidarias (Sergio Massa) o expresiones pol\u00edticas modernas que trascendieron el viejo partidismo (el PRO), sin contenido ideol\u00f3gico a la vista y con un discurso medi\u00e1tico cuidado. Se podr\u00eda decir: \u201ccuando el marketing derrot\u00f3 a la pol\u00edtica\u201d.<\/p>\n<p>Finalmente, Mauricio Macri lleg\u00f3 al final de su primer a\u00f1o de gobierno en el pa\u00eds con un magro 36 por ciento de opiniones positivas, por debajo del segundo mandato de Cristina y de N\u00e9stor Kirchner.<\/p>\n<p>De validarse esta teor\u00eda sostenida en la observaci\u00f3n lineal de seis per\u00edodos presidenciales en una etapa de 20 a\u00f1os de elecciones, Mauricio Macri deber\u00eda leer detenidamente los mensajes que le env\u00eda la sociedad. Y significar claramente cu\u00e1l es la misi\u00f3n de su Gobierno, que tiene mucho de cambio pol\u00edtico pero no de rumbo ideol\u00f3gico, y que no se sostiene en una acci\u00f3n de marketing basada en la imagen, como afirma su asesor de cabecera, Jaime Dur\u00e1n Barba.<\/p>\n<p>&nbsp;<\/p>\n","protected":false},"excerpt":{"rendered":"<p>&nbsp; Luis Dall\u2019Aglio Director de la Consultora DELFOS Desde siempre, la tendencia es evaluar los primeros 100 d\u00edas de cada gesti\u00f3n, en el convencimiento de que ese tiempo de \u201cluna de miel\u201d determinar\u00e1 el futuro v\u00ednculo con sus votantes. Pero, en realidad, es el primer a\u00f1o de gesti\u00f3n el que parece marcar a los per\u00edodos [&hellip;]<\/p>\n","protected":false},"author":1,"featured_media":0,"comment_status":"open","ping_status":"open","sticky":false,"template":"","format":"standard","meta":{"_acf_changed":false,"footnotes":""},"categories":[6],"tags":[39,139,56,162],"class_list":["post-3078","post","type-post","status-publish","format-standard","hentry","category-notas-de-opinion","tag-argentina","tag-gobierno","tag-politica","tag-presidentes","et-doesnt-have-format-content","et_post_format-et-post-format-standard"],"acf":[],"_links":{"self":[{"href":"https:\/\/delfoscba.com.ar\/dev\/wp-json\/wp\/v2\/posts\/3078","targetHints":{"allow":["GET"]}}],"collection":[{"href":"https:\/\/delfoscba.com.ar\/dev\/wp-json\/wp\/v2\/posts"}],"about":[{"href":"https:\/\/delfoscba.com.ar\/dev\/wp-json\/wp\/v2\/types\/post"}],"author":[{"embeddable":true,"href":"https:\/\/delfoscba.com.ar\/dev\/wp-json\/wp\/v2\/users\/1"}],"replies":[{"embeddable":true,"href":"https:\/\/delfoscba.com.ar\/dev\/wp-json\/wp\/v2\/comments?post=3078"}],"version-history":[{"count":0,"href":"https:\/\/delfoscba.com.ar\/dev\/wp-json\/wp\/v2\/posts\/3078\/revisions"}],"wp:attachment":[{"href":"https:\/\/delfoscba.com.ar\/dev\/wp-json\/wp\/v2\/media?parent=3078"}],"wp:term":[{"taxonomy":"category","embeddable":true,"href":"https:\/\/delfoscba.com.ar\/dev\/wp-json\/wp\/v2\/categories?post=3078"},{"taxonomy":"post_tag","embeddable":true,"href":"https:\/\/delfoscba.com.ar\/dev\/wp-json\/wp\/v2\/tags?post=3078"}],"curies":[{"name":"wp","href":"https:\/\/api.w.org\/{rel}","templated":true}]}}