{"id":3101,"date":"2012-08-28T13:13:31","date_gmt":"2012-08-28T16:13:31","guid":{"rendered":"https:\/\/delfosold.exportech.com.ar\/?p=1333"},"modified":"2012-08-28T13:13:31","modified_gmt":"2012-08-28T16:13:31","slug":"de-la-sota-logro-visibilidad-nacional","status":"publish","type":"post","link":"https:\/\/delfoscba.com.ar\/dev\/politica\/de-la-sota-logro-visibilidad-nacional\/","title":{"rendered":"De la Sota logr\u00f3 visibilidad nacional"},"content":{"rendered":"<p><a href=\"https:\/\/delfoscba.com.ar\/\/dev\/\/wp-content\/uploads\/2012\/08\/dlst.jpg\" mce_href=\"https:\/\/delfoscba.com.ar\/\/dev\/\/wp-content\/uploads\/2012\/08\/dlst.jpg\"><img fetchpriority=\"high\" decoding=\"async\" class=\"alignleft size-medium wp-image-1334\" title=\"dlst\" src=\"https:\/\/delfoscba.com.ar\/\/dev\/\/wp-content\/uploads\/2012\/08\/dlst-300x180.jpg\" mce_src=\"https:\/\/delfoscba.com.ar\/\/dev\/\/wp-content\/uploads\/2012\/08\/dlst-300x180.jpg\" alt=\"\" width=\"300\" height=\"180\" \/><\/a><\/p>\n<p>En di\u00e1logo con Punto a Punto Radio, el consultor y titular de Delfos Luis Dall\u2019Aglio, analiz\u00f3 algunos resultados de encuestas publicadas el \u00faltimo fin de semana, en la cual el 78% desaprueba la gesti\u00f3n econ\u00f3mica nacional, y donde la mayor\u00eda de los cordobeses dice que, si pudiera, cambiar\u00eda el Gobierno nacional.<\/p>\n<p>As\u00ed lo revela una reciente encuesta realizada por la consultora Managemet &amp; Fit, entre ciudadanos de C\u00f3rdoba, donde tambi\u00e9n se menciona el retroceso de la imagen de Cristina que ya tiene m\u00e1s rechazos que adhesiones. \u201cC\u00f3rdoba es uno de los distritos m\u00e1s negativos respecto del gobierno nacional. Siempre lo fue, y obviamente cuando comienzan los desajustes es donde r\u00e1pidamente se registran las ca\u00eddas m\u00e1s importantes\u201d, explic\u00f3 el consultor.<\/p>\n<p>Dall\u2019Aglio detall\u00f3 que ya en febrero del 2012, la aprobaci\u00f3n de la gesti\u00f3n nacional en la ciudad de C\u00f3rdoba era del 55%, y en solo seis meses cay\u00f3 20 puntos, lo cual muestra el fuerte impacto que tienen algunas medidas nacionales particularmente en la ciudad de C\u00f3rdoba. \u201cNadie la capitaliza y puede llegar a ocurrir como en 2009, es decir, muchos peque\u00f1os triunfos y un solo gran derrotado que fue Kirchner.<\/p>\n<p>\u00bfPuede De la sota capitalizar y convertirse en oposici\u00f3n a nivel nacional?, pregunt\u00f3 PaP. \u201cDe la sota ha generado mucha visibilidad a nivel nacional. Esto no significa que se traslade a una intenci\u00f3n de voto, pero es el primer paso\u201d, contest\u00f3 Dall\u2019Aglio. Y agreg\u00f3: \u201cOcurri\u00f3 que De la sota ha adquirido una visibilidad que antes no ten\u00eda. Hay que ver como se capitaliza eso en t\u00e9rminos pol\u00edticos\u201d.<\/p>\n<p style=\"text-align: right;\">\n<a name=\"fb_share\"><\/a><script src=\" https:\/\/delfosold.exportech.com.ar\/de-la-sota-logro-visibilidad-nacional\/\" type=\"text\/javascript\">\/\/ <![CDATA[\n\n<\/b:if>\n<\/p>\n","protected":false},"excerpt":{"rendered":"<p>La pelea entre la Naci\u00f3n y la Provincia le dio visibilidad nacional al Gobernador. \u201cEso no significa que se traslade a una intenci\u00f3n de voto, pero es el primer paso\u201d, dijo el consultor titular de Delfos. <\/p>\n","protected":false},"author":1,"featured_media":0,"comment_status":"open","ping_status":"open","sticky":false,"template":"","format":"standard","meta":{"_acf_changed":false,"footnotes":""},"categories":[3],"tags":[101,97,73,75,56],"class_list":["post-3101","post","type-post","status-publish","format-standard","hentry","category-politica","tag-cristina-f-de-kirchner","tag-elecciones","tag-jose-manuel-de-la-sota","tag-nestor-kirchner","tag-politica","et-doesnt-have-format-content","et_post_format-et-post-format-standard"],"acf":[],"_links":{"self":[{"href":"https:\/\/delfoscba.com.ar\/dev\/wp-json\/wp\/v2\/posts\/3101","targetHints":{"allow":["GET"]}}],"collection":[{"href":"https:\/\/delfoscba.com.ar\/dev\/wp-json\/wp\/v2\/posts"}],"about":[{"href":"https:\/\/delfoscba.com.ar\/dev\/wp-json\/wp\/v2\/types\/post"}],"author":[{"embeddable":true,"href":"https:\/\/delfoscba.com.ar\/dev\/wp-json\/wp\/v2\/users\/1"}],"replies":[{"embeddable":true,"href":"https:\/\/delfoscba.com.ar\/dev\/wp-json\/wp\/v2\/comments?post=3101"}],"version-history":[{"count":0,"href":"https:\/\/delfoscba.com.ar\/dev\/wp-json\/wp\/v2\/posts\/3101\/revisions"}],"wp:attachment":[{"href":"https:\/\/delfoscba.com.ar\/dev\/wp-json\/wp\/v2\/media?parent=3101"}],"wp:term":[{"taxonomy":"category","embeddable":true,"href":"https:\/\/delfoscba.com.ar\/dev\/wp-json\/wp\/v2\/categories?post=3101"},{"taxonomy":"post_tag","embeddable":true,"href":"https:\/\/delfoscba.com.ar\/dev\/wp-json\/wp\/v2\/tags?post=3101"}],"curies":[{"name":"wp","href":"https:\/\/api.w.org\/{rel}","templated":true}]}}