{"id":3140,"date":"2012-12-13T12:13:55","date_gmt":"2012-12-13T15:13:55","guid":{"rendered":"https:\/\/delfosold.exportech.com.ar\/?p=1691"},"modified":"2012-12-13T12:13:55","modified_gmt":"2012-12-13T15:13:55","slug":"la-presidenta-buena-contra-la-derecha-mala","status":"publish","type":"post","link":"https:\/\/delfoscba.com.ar\/dev\/notas-de-opinion\/la-presidenta-buena-contra-la-derecha-mala\/","title":{"rendered":"La \u00abPresidenta buena\u00bb contra la \u00abderecha mala\u00bb"},"content":{"rendered":"<p>Hay que desbaratar ya mismo la falsa idea de que\u00a0<a href=\"http:\/\/www.lanacion.com.ar\/1536137-tras-el-fallo-por-marita-veron-cristina-anuncio-que-impulsara-la-democratizacion-de-la-justicia\" target=\"_blank\" rel=\"noopener\">la Presidenta est\u00e1 del lado del Bien y que es una v\u00edctima de algo tan inasible como \u00ablas corporaciones\u00bb<\/a>\u00a0, representadas por el Grupo Clar\u00edn, los periodistas cr\u00edticos y los jueces independientes. Hay que salir a aclarar una vez m\u00e1s que Ella y los dirigentes de organismos de derechos humanos y los artistas que\u00a0<a href=\"http:\/\/www.lanacion.com.ar\/1534346-domingo\" target=\"_blank\" rel=\"noopener\">estuvieron el domingo en la Plaza de Mayo<\/a>\u00a0no son quienes est\u00e1n del lado heroico de la historia y todos los dem\u00e1s son la derecha, los malos, los poderosos, los conservadores, los golpistas y los que tratan de impedir que desde la Casa Rosada se consume algo parecido a una revoluci\u00f3n.<\/p>\n<p>Quiz\u00e1 muchos de los que participaron del festejo no espont\u00e1neo y\u00a0<a href=\"http:\/\/www.lanacion.com.ar\/1536162-las-mejores-frases-del-discurso-de-cristina\" target=\"_blank\" rel=\"noopener\">estaban en el escenario desde donde Cristina Fern\u00e1ndez habl\u00f3<\/a>\u00a0se encontraban all\u00ed por convicci\u00f3n, pero estoy seguro de que muchos otros lo hicieron por inter\u00e9s, por conveniencia o porque estaban sumidos en la intrascendencia y un buen d\u00eda \u00c9l y Ella les dieron la posibilidad de ingresar en los libros de historia que ya mismo est\u00e1n escribiendo para la posteridad. Se sabe que algunas organizaciones humanitarias y ciertos dirigentes fueron beneficiados o prostituidos con dinero del Estado. Los fallidos proyectos de Sergio Schoklender y el desmesurado apoyo a Milagro Sala en Jujuy, sin control ni auditor\u00eda, son s\u00f3lo dos ejemplos de una pol\u00edtica sistem\u00e1tica de cooptaci\u00f3n de referentes sociales y de derechos humanos. Tambi\u00e9n es evidente que\u00a0<a href=\"http:\/\/www.lanacion.com.ar\/1535400-quienes-dieron-el-presente-en-el-9d-del-kirchnerismo\" target=\"_blank\" rel=\"noopener\">muchos de los artistas que bailaron y cantaron junto a Cristina<\/a>\u00a0Fern\u00e1ndez se sienten agradecidos por decisiones oficiales que favorecieron el ejercicio de su actividad. Pero al mismo tiempo muchos de los que estuvieron all\u00ed tienen como su principal ingreso contratos y subsidios pagados con el dinero del Estado, lo que no hace tan genuina, militante ni heroica su participaci\u00f3n en semejante manifestaci\u00f3n.<\/p>\n<p>La estruendosa posici\u00f3n de Fito P\u00e1ez ser\u00eda m\u00e1s digerible si no cobrara el cachet que embolsa por cantar en otros actos como el del domingo. \u00c9l desminti\u00f3 que lo haya hecho durante el \u00faltimo, pero en otros s\u00ed lo hizo, y \u00e9l mismo lo admiti\u00f3. La grandilocuencia de V\u00edctor Hugo Morales ser\u00eda m\u00e1s cre\u00edble si no recibiera por sus charlas dinero p\u00fablico de intendentes cristinistas o renunciara de manera expl\u00edcita a cualquier ingreso por publicidad oficial, algo que ser\u00eda muy acorde con el discurso \u00e9pico que tiene sobre s\u00ed mismo. Quiz\u00e1 ahora luzca m\u00e1s simp\u00e1tico,\u00a0<em>cool\u00a0<\/em>y aceptable tocar una canci\u00f3n mientras la actual jefa de Estado se mueve al comp\u00e1s de la m\u00fasica, pero cuando el tiempo pase y el sentido com\u00fan se termine por imponer, muchas \u00abpersonalidades de la cultura\u00bb ser\u00e1n ubicadas entre aquellos \u00abque rondan los siniestros ministerios, haciendo la parodia del artista\u00bb, como escribi\u00f3 P\u00e1ez cuando pensaba que la m\u00fasica o el arte deb\u00edan estar contra el poder de turno o no ser\u00edan nada.<\/p>\n<p>Pero eso no es todo<\/p>\n<p>Hay que repetir, todas las veces que sea necesario, que N\u00e9stor Kirchner no muri\u00f3 en combate contra las fuerzas del Mal Absoluto, sino en la cama de su casa de El Calafate y de un infarto, porque se le tap\u00f3 el\u00a0<em>stent\u00a0<\/em>y el profesional de la Unidad M\u00e9dica Presidencial que descansaba a unos metros de all\u00ed no tuvo tiempo de reanimarlo. Hay que poner en el haber, cuando se habla de N\u00e9stor Kirchner y Cristina Fern\u00e1ndez, la decisi\u00f3n de implementar la Asignaci\u00f3n por Hijo (ApH) y la de aumentar los haberes jubilatorios, aunque mucho menos que la inflaci\u00f3n. Pero hay que decir de inmediato que el proyecto de ApH fue \u00abarrebatado\u00bb a dirigentes de la oposici\u00f3n que lo ven\u00edan exigiendo hace tiempo. Y que la decisi\u00f3n oficial de implementarlo por decreto y no a trav\u00e9s de una ley esconde un c\u00e1lculo pol\u00edtico propio del clientelismo m\u00e1s amarrete, y no la grandeza de quienes quieren pasar a la historia del lado de los buenos.<\/p>\n<p>Hay que recordarles, a quienes se sienten parte del proyecto Robin Hood, que reconocer el 82% m\u00f3vil por lo menos a una parte de los jubilados es posible si se toma la decisi\u00f3n pol\u00edtica. Pero que para eso habr\u00eda que dejar de financiar, por ejemplo, el F\u00fatbol para Todos y otros proyectos igual o m\u00e1s demag\u00f3gicos que se encuentran activados porque generan un voto m\u00e1s f\u00e1cil, m\u00e1s urgente y menos trabajoso del que se puede obtener con decisiones que le sirvan a la pr\u00f3xima generaci\u00f3n.<\/p>\n<p>Hay que decirle a la Presidenta y sus aplaudidores de siempre que no se puede acusar con tanta liviandad de golpistas a quienes no piensan como el Gobierno o est\u00e1n en contra de que se hagan las cosas de prepo, como en la interminable e insoportable guerra que emprendieron contra el Grupo Clar\u00edn. Lo que nos dej\u00f3 el Golpe fue demasiado doloroso como para agitar semejante fantasma y poner a todos en una misma bolsa. Para empezar, se deber\u00eda tener mejor memoria y recordar, una vez m\u00e1s, que ni N\u00e9stor ni Cristina fueron m\u00e1rtires ni v\u00edctimas de la dictadura. Que ni \u00c9l ni Ella padecieron las aberraciones de la mayor\u00eda de sus compa\u00f1eros durante la etapa m\u00e1s sangrienta de la historia reciente. Que mientras otros abogados defend\u00edan a presos pol\u00edticos y presentaban h\u00e1beas corpus para intentar salvar la vida de muchos militantes, ellos cobraban hipotecas en R\u00edo Gallegos, lo que no era un delito, pero estaba muy lejos del antecedente heroico que pretenden presentar, por ejemplo, en\u00a0<em>N\u00e9stor Kirchner, la pel\u00edcula\u00a0<\/em>.<\/p>\n<p>Y para terminar, y respetar los hechos de la historia reciente, hay que recordar, por en\u00e9sima vez, que esta cruzada prepotente contra Clar\u00edn y el periodismo cr\u00edtico, con aires de justicia rom\u00e1ntica y pura, tiene como antecedente directo la aprobaci\u00f3n de la fusi\u00f3n entre Cablevisi\u00f3n y Multicanal, que fue firmada por el presidente Kirchner cuando terminaba su mandato, en diciembre de 2007. Esto, por supuesto, no significa que el Estado no tenga derecho a pedir la adecuaci\u00f3n de un multimedios privado cuyo tama\u00f1o podr\u00eda romper el equilibrio del mapa de una parte de la informaci\u00f3n. Pero en este caso tambi\u00e9n habr\u00eda que llamar a las cosas por su nombre. Cuando la ley de medios se aprob\u00f3, todav\u00eda nadie ten\u00eda claro cu\u00e1l era el nuevo mapa nacional de la informaci\u00f3n. Ahora se sabe que ya no es m\u00e1s Clar\u00edn sino el Estado el multimedios m\u00e1s poderoso, m\u00e1s desequilibrante y m\u00e1s agresivo. Lo saben los l\u00edderes de la oposici\u00f3n que son insultados cuando les empieza a ir bien en las encuestas. Lo saben los empresarios que callan para que no ataquen a sus compa\u00f1\u00edas. Lo saben los medios cr\u00edticos que dejaron de recibir publicidad oficial. Lo saben los artistas, deportistas y periodistas que no dicen lo que piensan porque temen una inmediata visita de los inspectores de la AFIP con cobertura period\u00edstica oficial o paraoficial garantizada.<\/p>\n<p>Ser\u00eda mejor, en todo caso, que el Gobierno dejara actuar a los jueces en paz. Sin tanta presi\u00f3n, sin tanta prepotencia. Sin ponerse en el lugar del m\u00e1rtir que busca justicia frente al supuesto gigante voraz e insaciable que pone en riesgo a la democracia. Este cuentito no resiste el menor an\u00e1lisis. Jam\u00e1s un gobierno tuvo m\u00e1s poder pol\u00edtico y econ\u00f3mico que \u00e9ste. Quiz\u00e1 tendr\u00eda que empezar a gestionar y ocuparse de los temas urgentes en vez de distraer la atenci\u00f3n con un nuevo cap\u00edtulo de la novela de \u00abLos buenos versus los malos\u00bb.<\/p>\n<p style=\"text-align: right;\">\u00a9 LA NACION.<\/p>\n","protected":false},"excerpt":{"rendered":"<p>Hay que desbaratar ya mismo la falsa idea de que\u00a0la Presidenta est\u00e1 del lado del Bien y que es una v\u00edctima de algo tan inasible como \u00ablas corporaciones\u00bb\u00a0, representadas por el Grupo Clar\u00edn, los periodistas cr\u00edticos y los jueces independientes. Hay que salir a aclarar una vez m\u00e1s que Ella y los dirigentes de organismos [&hellip;]<\/p>\n","protected":false},"author":1,"featured_media":0,"comment_status":"open","ping_status":"open","sticky":false,"template":"","format":"standard","meta":{"_acf_changed":false,"footnotes":""},"categories":[6],"tags":[],"class_list":["post-3140","post","type-post","status-publish","format-standard","hentry","category-notas-de-opinion","et-doesnt-have-format-content","et_post_format-et-post-format-standard"],"acf":[],"_links":{"self":[{"href":"https:\/\/delfoscba.com.ar\/dev\/wp-json\/wp\/v2\/posts\/3140","targetHints":{"allow":["GET"]}}],"collection":[{"href":"https:\/\/delfoscba.com.ar\/dev\/wp-json\/wp\/v2\/posts"}],"about":[{"href":"https:\/\/delfoscba.com.ar\/dev\/wp-json\/wp\/v2\/types\/post"}],"author":[{"embeddable":true,"href":"https:\/\/delfoscba.com.ar\/dev\/wp-json\/wp\/v2\/users\/1"}],"replies":[{"embeddable":true,"href":"https:\/\/delfoscba.com.ar\/dev\/wp-json\/wp\/v2\/comments?post=3140"}],"version-history":[{"count":0,"href":"https:\/\/delfoscba.com.ar\/dev\/wp-json\/wp\/v2\/posts\/3140\/revisions"}],"wp:attachment":[{"href":"https:\/\/delfoscba.com.ar\/dev\/wp-json\/wp\/v2\/media?parent=3140"}],"wp:term":[{"taxonomy":"category","embeddable":true,"href":"https:\/\/delfoscba.com.ar\/dev\/wp-json\/wp\/v2\/categories?post=3140"},{"taxonomy":"post_tag","embeddable":true,"href":"https:\/\/delfoscba.com.ar\/dev\/wp-json\/wp\/v2\/tags?post=3140"}],"curies":[{"name":"wp","href":"https:\/\/api.w.org\/{rel}","templated":true}]}}