{"id":3150,"date":"2013-01-30T10:37:52","date_gmt":"2013-01-30T13:37:52","guid":{"rendered":"https:\/\/delfosold.exportech.com.ar\/?p=1776"},"modified":"2013-01-30T10:37:52","modified_gmt":"2013-01-30T13:37:52","slug":"la-presidenta-del-miedo-y-el-carpetazo","status":"publish","type":"post","link":"https:\/\/delfoscba.com.ar\/dev\/notas-de-opinion\/la-presidenta-del-miedo-y-el-carpetazo\/","title":{"rendered":"La Presidenta del miedo y el carpetazo"},"content":{"rendered":"<p>Odio, resentimiento y \u00e1nimo de venganza. Eso es lo que transmite la presidenta Cristina Fern\u00e1ndez cada vez que habla por cadena nacional o tuitea. El pasado lunes la vi y la escuch\u00e9 con detenimiento, una vez m\u00e1s. Presentaba cr\u00e9ditos del Bicentenario . Anunciaba la suba del m\u00ednimo no imponible y el aumento del m\u00ednimo para los jubilados y pensionados, a partir de marzo. Por las caracter\u00edsticas de los anticipos, el tono debi\u00f3 haber sido m\u00e1s apacible y componedor. Pero no hubo caso. Todo el tiempo se filtraba un sentimiento de rencor hacia el mundo exterior. En un pasaje de su mon\u00f3logo, Ella le dijo a un grupo de argentinos que viv\u00edan en la calle y que ser\u00edan beneficiados con viviendas construidas en una cooperativa financiada por el ministerio de Alicia Kirchner que no deb\u00edan agradecerle. Que era obligaci\u00f3n del Estado procurarles un techo. Y de inmediato se dirigi\u00f3 a los presentes y destac\u00f3: qu\u00e9 agradecidos son los que menos tienen. Y qu\u00e9 desagradecida, soberbia e intolerante es la gente a la que le sobra la plata. Todo el tiempo, agreg\u00f3, esta presidenta tiene que soportar insultos, agravios y descalificaciones de ese tipo de gente. Enseguida los chicos de La C\u00e1mpora canturrearon lo que le har\u00edan a cualquiera que se atreviera a tocar a Cristina Fern\u00e1ndez. Ella primero les pidi\u00f3 calma. Despu\u00e9s les aclar\u00f3 que el \u00fanico que la pod\u00eda tocar era N\u00e9stor Kirchner, y que ya no estaba m\u00e1s. Les agradeci\u00f3, de todos modos, la lealtad y su actitud de defensa personal, incluso f\u00edsica. Explic\u00f3 al resto de los presentes que es bueno sentirse defendida por si pasa cualquier cosa. En no m\u00e1s de un minuto y medio, puso a los asistentes, y tambi\u00e9n a los miles de personas que la escuchaban y la ve\u00edan, en una escena virtual de lucha de clases, como si la Argentina estuviera a principios de los a\u00f1os setenta.<\/p>\n<p>Fue un verdadero delirio. Algo a lo que nadie se deber\u00eda acostumbrar. Un gesto de suma violencia. Violencia verbal, pero violencia al fin. Dig\u00e1moslo de una vez: muy pocos dirigentes o periodistas, en este pa\u00eds, la agravian, la descalifican o la insultan. O no lo hacen m\u00e1s que con cualquier otra figura p\u00fablica. S\u00ed insultan, agreden o descalifican algunos comentaristas de las redes sociales, con la misma liviandad, mala educaci\u00f3n y rencor con que lo practican los seguidores oficiales pagos o espont\u00e1neos. Pero la jefa del Estado no es una forista ni una c\u00edber-K ni usa un nickname. Y la afirmaci\u00f3n de que los pobres son agradecidos y los que no tienen inconvenientes econ\u00f3micos son insolentes y agresivos no tiene ninguna base estad\u00edstica ni cient\u00edfica.<\/p>\n<p>Alguien que la quiera de verdad deber\u00eda pedirle a la Presidenta que se detuviera. Que pusiera un l\u00edmite a la agresi\u00f3n contra todo el que no est\u00e9 a favor de su proyecto. Que le explicara, por ejemplo, antes de que sea tarde y empiece a enviar tuis o cartas, que las afirmaciones del monologuista Enrique Pinti contra el cepo cambiario deben ser puestas en el contexto de su forma de hablar. De hecho, Pinti, desde hace un par de a\u00f1os, decidi\u00f3 dejar de criticar al Gobierno como lo hac\u00eda antes, con mucha acidez y asiduidad. Ahora el artista debe de estar temblando, rogando para que sus afirmaciones y la respuesta de An\u00edbal Fern\u00e1ndez no pasen de ah\u00ed. Deseando que no se transformen en un tema nacional e internacional, como pas\u00f3 con la duda de Ricardo Dar\u00edn, quien tuvo \u00abel atrevimiento\u00bb de preguntar c\u00f3mo se hab\u00eda enriquecido la mayor\u00eda de la clase pol\u00edtica, y tambi\u00e9n la presidenta de la Naci\u00f3n. A prop\u00f3sito: todav\u00eda me duran la impresi\u00f3n y la tristeza por la desproporcionada respuesta de la jefa del Estado a Dar\u00edn. Pobre Ricardo. Tuvo que volver sobre sus pasos. Sinti\u00f3 confusi\u00f3n y miedo. Quiz\u00e1s un miedo distinto al que sintieron miles de personas durante la dictadura. Pero s\u00ed un temor fundado y bien real. Para que se entienda con claridad: el enorme aparato del Estado contra un actor y su familia. La seguridad de que ning\u00fan director de cine que reciba un cr\u00e9dito del Incaa lo va a volver a llamar. La sospecha de que la AFIP lo va perseguir o ensuciar como a Eliseo Subiela. El terror a que vayas caminando por la calle y te griten cipayo, gorila, fascista o golpista, la peor acusaci\u00f3n que te pueden hacer a treinta a\u00f1os del retorno de la democracia.<\/p>\n<p>La Presidenta, en vez de enojarse tanto, deber\u00eda haber ordenado a su jefe de Gabinete que repudiara el escrache an\u00f3nimo y nacional que hicieron contra Jorge Lanata, otra forma cobarde y miserable de meter miedo y generar violencia. Otro mensaje contundente y definitivo para quienes se atrevan a investigar actos de corrupci\u00f3n gubernamental o a opinar distinto al gobierno nacional.<\/p>\n<p>Algo parecido van a hacer a partir de ahora contra quienes pretendan suceder a Cristina Fern\u00e1ndez. En efecto, \u00e9ste ser\u00e1 el a\u00f1o de los \u00abcarpetazos\u00bb. Me lo dijo un ex ministro de este gobierno con quien me encontr\u00e9 en uno de los balnearios de la costa atl\u00e1ntica argentina inmediatamente despu\u00e9s de que la Presidenta desempolv\u00f3 un viejo expediente judicial contra Dar\u00edn. \u00abVamos a ver si Daniel [Scioli] y Sergio [Massa] se bancan una campa\u00f1a [sucia] de verdad\u00bb, agreg\u00f3. Cristina Fern\u00e1ndez quiere que el gobernador de la provincia y el intendente de Tigre acumulen imagen negativa. Tambi\u00e9n quiere que se definan. \u00abQue digan si est\u00e1n con el proyecto o contra el proyecto\u00bb, emplaz\u00f3 el exaltado funcionario.<\/p>\n<p>Lo m\u00e1s triste y grave de todo es que la pol\u00edtica del carpetazo y el miedo es doblemente exitosa. Sirve para hacer callar a quienes tienen pensamiento propio y, al mismo tiempo, consigue desviar la atenci\u00f3n sobre los asuntos importantes de verdad. El ruido alrededor de Dar\u00edn no alcanz\u00f3 para que la Presidenta respondiera la pregunta del actor. Y la verdad es que la respuesta que le dieron al juez Norberto Oyarbide fue, por lo menos, insuficiente. Ni siquiera cont\u00f3 con los elementos b\u00e1sicos para probar la acumulaci\u00f3n leg\u00edtima del patrimonio, como el saldo de las tarjetas de cr\u00e9dito o las boletas de los plazos fijos que fueron declarados. Tampoco, hasta el d\u00eda de hoy, nadie en el Gobierno explic\u00f3 con claridad a los argentinos por qu\u00e9 se implement\u00f3 el cepo cambiario, mientras el d\u00f3lar paralelo mantiene una brecha superior al 50% por sobre el oficial.<\/p>\n<p>Es casi imposible, en estas circunstancias, discutir sobre cuestiones pol\u00edticas o sobre las decisiones oficiales. Opinar que el acuerdo con Ir\u00e1n es un retroceso en la b\u00fasqueda de justicia por el atentado contra la AMIA es para el Gobierno casi un sacrilegio. Comparar la actitud de Dilma Rousseff frente al desastre de la disco de Santa Mar\u00eda, Rio Grande do sul, con la de N\u00e9stor Kirchner frente a Cromagnon y la de Cristina Fern\u00e1ndez ante la tragedia de Once equivale a un insulto. La Presidenta, que se fue del bloque de senadores menemistas en 1997 porque no quer\u00eda ser una recluta, ahora alienta la persecuci\u00f3n contra los que no piensan como ella o se atreven a cuestionarla. Es triste, porque contagia de odio a muchos de sus seguidores. Y porque el resentimiento dejar\u00e1 una marca tan profunda como la huella que dej\u00f3 el menemismo en materia econ\u00f3mica, social y cultural.<\/p>\n<p><span style=\"text-align: right;\">\u00a9 LA NACION<\/span><\/p>\n","protected":false},"excerpt":{"rendered":"<p>Odio, resentimiento y \u00e1nimo de venganza. Eso es lo que transmite la presidenta Cristina Fern\u00e1ndez cada vez que habla por cadena nacional o tuitea. El pasado lunes la vi y la escuch\u00e9 con detenimiento, una vez m\u00e1s. Presentaba cr\u00e9ditos del Bicentenario . Anunciaba la suba del m\u00ednimo no imponible y el aumento del m\u00ednimo para [&hellip;]<\/p>\n","protected":false},"author":1,"featured_media":0,"comment_status":"open","ping_status":"open","sticky":false,"template":"","format":"standard","meta":{"_acf_changed":false,"footnotes":""},"categories":[6],"tags":[],"class_list":["post-3150","post","type-post","status-publish","format-standard","hentry","category-notas-de-opinion","et-doesnt-have-format-content","et_post_format-et-post-format-standard"],"acf":[],"_links":{"self":[{"href":"https:\/\/delfoscba.com.ar\/dev\/wp-json\/wp\/v2\/posts\/3150","targetHints":{"allow":["GET"]}}],"collection":[{"href":"https:\/\/delfoscba.com.ar\/dev\/wp-json\/wp\/v2\/posts"}],"about":[{"href":"https:\/\/delfoscba.com.ar\/dev\/wp-json\/wp\/v2\/types\/post"}],"author":[{"embeddable":true,"href":"https:\/\/delfoscba.com.ar\/dev\/wp-json\/wp\/v2\/users\/1"}],"replies":[{"embeddable":true,"href":"https:\/\/delfoscba.com.ar\/dev\/wp-json\/wp\/v2\/comments?post=3150"}],"version-history":[{"count":0,"href":"https:\/\/delfoscba.com.ar\/dev\/wp-json\/wp\/v2\/posts\/3150\/revisions"}],"wp:attachment":[{"href":"https:\/\/delfoscba.com.ar\/dev\/wp-json\/wp\/v2\/media?parent=3150"}],"wp:term":[{"taxonomy":"category","embeddable":true,"href":"https:\/\/delfoscba.com.ar\/dev\/wp-json\/wp\/v2\/categories?post=3150"},{"taxonomy":"post_tag","embeddable":true,"href":"https:\/\/delfoscba.com.ar\/dev\/wp-json\/wp\/v2\/tags?post=3150"}],"curies":[{"name":"wp","href":"https:\/\/api.w.org\/{rel}","templated":true}]}}