{"id":3159,"date":"2013-01-30T12:19:20","date_gmt":"2013-01-30T15:19:20","guid":{"rendered":"https:\/\/delfosold.exportech.com.ar\/?p=1783"},"modified":"2013-01-30T12:19:20","modified_gmt":"2013-01-30T15:19:20","slug":"correa-seria-reelecto-en-primera-vuelta-con-56","status":"publish","type":"post","link":"https:\/\/delfoscba.com.ar\/dev\/politica\/correa-seria-reelecto-en-primera-vuelta-con-56\/","title":{"rendered":"Correa ser\u00eda reelecto en primera vuelta con 56%"},"content":{"rendered":"<p>La posibilidad real de que el candidato presidencial Rafael Correa sea reelecto en primera vuelta el pr\u00f3ximo 17 de febrero se evidenci\u00f3 en la \u00faltima encuesta publicada por la empresa Opini\u00f3n P\u00fablica Ecuador realizada del 26 al 27 de enero. El sondeo arroja una intenci\u00f3n de votos para Correa 56 por ciento, le sigue el candidato Guillermo Lasso con un 13 por ciento mientras que los otros candidatos est\u00e1n por debajo del 5 por ciento y algunos tienen intenciones menores al 1 por ciento.<\/p>\n<p>El director de la empresa encuestadora Opini\u00f3n P\u00fablica Ecuador, Santiago P\u00e9rez, afirm\u00f3 en declaraciones a teleSUR que \u00abest\u00e1n marcadas las tendencias claramente, en este punto me parece a mi. A menos que exista en evento extraordinario, que vaya a cambiar el escenario electoral, es posible, es factible que el presidente Rafael Correa logre ganar la elecciones en una sola vuelta, no se puede asegurar, pero est\u00e1 dentro de las posibilidades\u00bb.<\/p>\n<p>P\u00e9rez destac\u00f3 que en cuanto a la distribuci\u00f3n de los esca\u00f1os en la Asamblea Nacional \u00abes dificil conocer la distribuci\u00f3n\u00bb.<\/p>\n<p>Opini\u00f3n P\u00fablica Ecuador destac\u00f3 que en seg\u00fan un sondeo realizado entre el 5 y 12 de enero donde se entrevist\u00f3 a nueve mil 870 personas en 23 de las 24 provincias que tiene el Ecuador, el 57 por ciento de los electores ya decidi\u00f3 c\u00f3mo va a votar el pr\u00f3ximo domingo 17 de febrero, mientras que 21 por ciento no sabe c\u00f3mo votar\u00e1 para la Asamblea Nacional.<\/p>\n<p>\u00abHay una decision de voto un poco m\u00e1s grande que en elecciones anteriores, es decir tenemos un electorado m\u00e1s decidido\u00bb resalt\u00f3 P\u00e9rez.<\/p>\n<p>Ante las denuncias de la oposici\u00f3n sobre el pago de encuestadoras, el director de Opini\u00f3n P\u00fablica Ecuador, destac\u00f3 que \u00abnosotros hacemos un trabajo profesional (&#8230;) nos hemos caracterizado por la calidad y precisi\u00f3n en nuestro trabajo\u00bb.<\/p>\n<p>P\u00e9rez destac\u00f3 que su empresa \u00abtiene un liderazgo y un reconocimiento, tanto p\u00fablico como privado, en el Ecuador y garantizamos una metodolog\u00eda que tiene la m\u00e1xima seriedad y aproximaci\u00f3n a las ciencias sociales\u00bb, apunt\u00f3<\/p>\n<p>Unos 11,6 millones de ecuatorianos est\u00e1n convocados a elegir Presidente y Vicepresidente, as\u00ed como parlamentarios andinos y asamble\u00edstas nacionales, provinciales y por el exterior.<\/p>\n<p>En Ecuador para obtener la presidencia el candidato debe obtener el 50 por ciento m\u00e1s uno de los votos v\u00e1lidos o el 40 por ciento de \u00e9stos y una diferencia de 10 puntos sobre el segundo.<\/p>\n","protected":false},"excerpt":{"rendered":"<p>La encuestadora Opini\u00f3n P\u00fablica Ecuador present\u00f3 su estudio sobre la intenci\u00f3n de voto en el pa\u00eds. El 57 por ciento de los encuestados ya decidi\u00f3 su voto.<\/p>\n","protected":false},"author":1,"featured_media":0,"comment_status":"open","ping_status":"open","sticky":false,"template":"","format":"standard","meta":{"_acf_changed":false,"footnotes":""},"categories":[3],"tags":[],"class_list":["post-3159","post","type-post","status-publish","format-standard","hentry","category-politica","et-doesnt-have-format-content","et_post_format-et-post-format-standard"],"acf":[],"_links":{"self":[{"href":"https:\/\/delfoscba.com.ar\/dev\/wp-json\/wp\/v2\/posts\/3159","targetHints":{"allow":["GET"]}}],"collection":[{"href":"https:\/\/delfoscba.com.ar\/dev\/wp-json\/wp\/v2\/posts"}],"about":[{"href":"https:\/\/delfoscba.com.ar\/dev\/wp-json\/wp\/v2\/types\/post"}],"author":[{"embeddable":true,"href":"https:\/\/delfoscba.com.ar\/dev\/wp-json\/wp\/v2\/users\/1"}],"replies":[{"embeddable":true,"href":"https:\/\/delfoscba.com.ar\/dev\/wp-json\/wp\/v2\/comments?post=3159"}],"version-history":[{"count":0,"href":"https:\/\/delfoscba.com.ar\/dev\/wp-json\/wp\/v2\/posts\/3159\/revisions"}],"wp:attachment":[{"href":"https:\/\/delfoscba.com.ar\/dev\/wp-json\/wp\/v2\/media?parent=3159"}],"wp:term":[{"taxonomy":"category","embeddable":true,"href":"https:\/\/delfoscba.com.ar\/dev\/wp-json\/wp\/v2\/categories?post=3159"},{"taxonomy":"post_tag","embeddable":true,"href":"https:\/\/delfoscba.com.ar\/dev\/wp-json\/wp\/v2\/tags?post=3159"}],"curies":[{"name":"wp","href":"https:\/\/api.w.org\/{rel}","templated":true}]}}