{"id":3173,"date":"2013-02-27T14:14:33","date_gmt":"2013-02-27T17:14:33","guid":{"rendered":"https:\/\/delfosold.exportech.com.ar\/?p=1836"},"modified":"2021-04-21T17:24:41","modified_gmt":"2021-04-21T17:24:41","slug":"106-mil-cordobeses-en-bici","status":"publish","type":"post","link":"https:\/\/delfoscba.com.ar\/dev\/el-dato-de-delfos\/106-mil-cordobeses-en-bici\/","title":{"rendered":"106 mil cordobeses en bicicleta"},"content":{"rendered":"<p style=\"text-align: right;\">Santiago G\u00f3mez | Delfos<\/p>\n<p style=\"text-align: right;\"><a class=\"twitter-follow-button\" href=\"https:\/\/twitter.com\/SantyGomez\"> @SantyGomez<\/a><\/p>\n<p><script type=\"text\/javascript\">\/\/ <![CDATA[ !function(d,s,id){var js,fjs=d.getElementsByTagName(s)[0];if(!d.getElementById(id)){js=d.createElement(s);js.id=id;js.src=\"\/\/platform.twitter.com\/widgets.js\";fjs.parentNode.insertBefore(js,fjs);}}(document,\"script\",\"twitter-wjs\"); \/\/ ]]><\/script><\/p>\n<p>La <span style=\"color: #800000;\"><strong>consultora Delfos<\/strong> <\/span>realiz\u00f3 un relevamiento en la ciudad de C\u00f3rdoba con el objetivo de identificar el principal medio de movilidad que utilizan los cordobeses. El 11 por ciento de los consultados manifest\u00f3 que habitualmente prefiere la bicicleta.<\/p>\n<p>El porcentaje proyectado sobre el Padr\u00f3n electoral representa a 106 mil cordobeses que eligen este medio de transporte por sobre el resto de opciones.<\/p>\n<blockquote><p>La clase baja es la que m\u00e1s la utiliza: el 22 usa la bici de manera exclusiva.<\/p><\/blockquote>\n<p>En los sectores medios el indicador cae al nueve por ciento y en la clase alta al cinco.<\/p>\n<blockquote><p>Otro sesgo importante lo da la edad, los j\u00f3venes son los m\u00e1s se mueven en bici: el 16 por ciento.<\/p><\/blockquote>\n<p>El indicador cae a medida que se crece en a\u00f1os. Entre los adultos la usa el 10 por ciento y entre los mayores de 50 a\u00f1os apenas el seis.<\/p>\n<p>Finalmente la bici parece \u201ccuesti\u00f3n de machos\u201d, el uso entre los hombres triplica al que se da entre las mujeres. (16% contra 6%).<\/p>\n<p><strong><span style=\"text-decoration: underline;\">Ciclov\u00edas en la Ciudad de C\u00f3rdoba<\/span><\/strong><\/p>\n<p>De acuerdo a la informaci\u00f3n que p\u00fablica el municipio, la ciudad de C\u00f3rdoba cuenta con casi 105 km de bicisendas ( 104,96 ). \u00a0(<a href=\"http:\/\/www.cordoba.gov.ar\/cordobaciudad\/prin\">http:\/\/www.cordoba.gov.ar\/cordobaciudad\/prin<\/a> )<\/p>\n<blockquote><p>Si comparamos la cantidad de ciclistas cordobeses con los metros que cuentan para circular tranquilos por la ciudad se obtiene un indicador de un metro disponible por bicicleta.<\/p><\/blockquote>\n<p>Este dato implica que si se ordenan todas las bicicletas en fila se cubrir\u00eda con margen el total de metros destinados a bicisendas.<\/p>\n<p><strong><span style=\"text-decoration: underline;\">Tres ciudades amigas de la Bici<\/span><\/strong><\/p>\n<p><strong>\u00c1msterdam, Holanda<\/strong>. Conocida como la capital mundial de la bicicleta,\u00a0 el 40% de todos los traslados se realiza en bicicleta. La Estaci\u00f3n Central de Amsterdam tiene lugar para unos 7.000 bicicletas,\u00a0 para que los pasajeros estacionen sus bicis mientras viajan en tren.<\/p>\n<p><strong>Oregon<\/strong> El uso de bicicletas se ha cuadruplicado en los \u00faltimos 20 a\u00f1os sin ning\u00fan aumento en los accidentes.<\/p>\n<p><strong>Copenhague<\/strong>, estima que gasta entre u$s 10 millones y u$s 20 millones al a\u00f1o en inversi\u00f3n para mejoras en infraestructura para bicicletas. En la actualidad el 32% de la poblaci\u00f3n va a trabajar en bicicleta y 50% dice que de ese modo ir al trabajo es m\u00e1s r\u00e1pido y f\u00e1cil.<\/p>\n<p>&nbsp;<\/p>\n<h3>Fuente de Informaci\u00f3n<\/h3>\n<p>&#8211; Encuesta de la Consultora Delfos sobre 735 casos domiciliarios en la Ciudad de C\u00f3rdoba.<\/p>\n","protected":false},"excerpt":{"rendered":"<p>La consultora Delfos indag\u00f3 por cual es el medio de transporte preferido por los cordobeses. El 11 por ciento eligi\u00f3 la bicicleta. Hombre, joven y de clase baja es el perfil del usuario. <\/p>\n","protected":false},"author":1,"featured_media":3174,"comment_status":"open","ping_status":"open","sticky":false,"template":"","format":"standard","meta":{"_acf_changed":false,"footnotes":""},"categories":[90],"tags":[],"class_list":["post-3173","post","type-post","status-publish","format-standard","has-post-thumbnail","hentry","category-el-dato-de-delfos","et-has-post-format-content","et_post_format-et-post-format-standard"],"acf":[],"_links":{"self":[{"href":"https:\/\/delfoscba.com.ar\/dev\/wp-json\/wp\/v2\/posts\/3173","targetHints":{"allow":["GET"]}}],"collection":[{"href":"https:\/\/delfoscba.com.ar\/dev\/wp-json\/wp\/v2\/posts"}],"about":[{"href":"https:\/\/delfoscba.com.ar\/dev\/wp-json\/wp\/v2\/types\/post"}],"author":[{"embeddable":true,"href":"https:\/\/delfoscba.com.ar\/dev\/wp-json\/wp\/v2\/users\/1"}],"replies":[{"embeddable":true,"href":"https:\/\/delfoscba.com.ar\/dev\/wp-json\/wp\/v2\/comments?post=3173"}],"version-history":[{"count":2,"href":"https:\/\/delfoscba.com.ar\/dev\/wp-json\/wp\/v2\/posts\/3173\/revisions"}],"predecessor-version":[{"id":10913,"href":"https:\/\/delfoscba.com.ar\/dev\/wp-json\/wp\/v2\/posts\/3173\/revisions\/10913"}],"wp:featuredmedia":[{"embeddable":true,"href":"https:\/\/delfoscba.com.ar\/dev\/wp-json\/wp\/v2\/media\/3174"}],"wp:attachment":[{"href":"https:\/\/delfoscba.com.ar\/dev\/wp-json\/wp\/v2\/media?parent=3173"}],"wp:term":[{"taxonomy":"category","embeddable":true,"href":"https:\/\/delfoscba.com.ar\/dev\/wp-json\/wp\/v2\/categories?post=3173"},{"taxonomy":"post_tag","embeddable":true,"href":"https:\/\/delfoscba.com.ar\/dev\/wp-json\/wp\/v2\/tags?post=3173"}],"curies":[{"name":"wp","href":"https:\/\/api.w.org\/{rel}","templated":true}]}}