{"id":3188,"date":"2013-03-15T14:13:43","date_gmt":"2013-03-15T17:13:43","guid":{"rendered":"https:\/\/delfosold.exportech.com.ar\/?p=1922"},"modified":"2013-03-15T14:13:43","modified_gmt":"2013-03-15T17:13:43","slug":"inseguridad-la-mayor-preocupacion-de-argentinos","status":"publish","type":"post","link":"https:\/\/delfoscba.com.ar\/dev\/sociedad\/inseguridad-la-mayor-preocupacion-de-argentinos\/","title":{"rendered":"Inseguridad, la mayor preocupaci\u00f3n de argentinos"},"content":{"rendered":"<p>Una muestra estad\u00edstica realizada en los \u00faltimos d\u00edas de febrero y primeros de marzo ratifica que la mayor preocupaci\u00f3n entre los argentinos contin\u00faa siendo la inseguridad. El estudio corresponde a una encuesta realizada por Ipsos Manuel Mora y Araujo a la que tuvo acceso Infobae.<\/p>\n<p>Entre otros de los puntos destacados, el informe ilustra otra serie de factores que ocupan la agenda nacional, entre ellos: el futuro del pa\u00eds, la imagen de los diferentes protagonistas pol\u00edticos y la situaci\u00f3n econ\u00f3mica, uno de los puntos m\u00e1s nombrados a lo largo del universo encuestado.<\/p>\n<p>La muestra, que recogi\u00f3 la opini\u00f3n de mil personas (en Capital, Gran Buenos Aires, Rosario, C\u00f3rdoba, Mendoza, La Plata, Neuqu\u00e9n, Tucum\u00e1n y Mar del Plata), arroj\u00f3 que la inseguridad fue la primera menci\u00f3n registrada entre los consultados de los argentinos, seguida por dos factores econ\u00f3micos: desempleo e inseguridad.<\/p>\n<p>Consultados sobre c\u00f3mo creen que estar\u00e1 el pa\u00eds dentro de un a\u00f1o, el 18% de los encuestados considera que estar\u00e1 mejor, un 49% igual, y 31% peor. Similares par\u00e1metros se reflejaron al ser interrogados acerca de la situaci\u00f3n econ\u00f3mica en general.<\/p>\n<p>En tanto, el 67% de la muestra opina que la realidad econ\u00f3mica del pa\u00eds es \u00abnegativa\u00bb, contra un 31% que estima que la situaci\u00f3n es \u00abpositiva\u00bb. En detalle, la muestra refleja que del universo \u00abpesimista\u00bb el 42% cree que es \u00abbastante mala\u00bb, mientras que un 25% la califica como \u00abmuy mala\u00bb.<\/p>\n<p>Al analizar la proyecci\u00f3n de los \u00faltimos a\u00f1os, puede notarse que el cambio de \u00abclima\u00bb se vivi\u00f3 a partir de junio de 2011, profundiz\u00e1ndose en diciembre de ese mismo a\u00f1o.<\/p>\n","protected":false},"excerpt":{"rendered":"<p>El dato corresponde a una encuesta realizada por Ipsos Mora y Araujo. Desempleo e inflaci\u00f3n contin\u00faan en la lista de prioridades en todo el pa\u00eds.<\/p>\n","protected":false},"author":1,"featured_media":0,"comment_status":"open","ping_status":"open","sticky":false,"template":"","format":"standard","meta":{"_acf_changed":false,"footnotes":""},"categories":[4],"tags":[],"class_list":["post-3188","post","type-post","status-publish","format-standard","hentry","category-sociedad","et-doesnt-have-format-content","et_post_format-et-post-format-standard"],"acf":[],"_links":{"self":[{"href":"https:\/\/delfoscba.com.ar\/dev\/wp-json\/wp\/v2\/posts\/3188","targetHints":{"allow":["GET"]}}],"collection":[{"href":"https:\/\/delfoscba.com.ar\/dev\/wp-json\/wp\/v2\/posts"}],"about":[{"href":"https:\/\/delfoscba.com.ar\/dev\/wp-json\/wp\/v2\/types\/post"}],"author":[{"embeddable":true,"href":"https:\/\/delfoscba.com.ar\/dev\/wp-json\/wp\/v2\/users\/1"}],"replies":[{"embeddable":true,"href":"https:\/\/delfoscba.com.ar\/dev\/wp-json\/wp\/v2\/comments?post=3188"}],"version-history":[{"count":0,"href":"https:\/\/delfoscba.com.ar\/dev\/wp-json\/wp\/v2\/posts\/3188\/revisions"}],"wp:attachment":[{"href":"https:\/\/delfoscba.com.ar\/dev\/wp-json\/wp\/v2\/media?parent=3188"}],"wp:term":[{"taxonomy":"category","embeddable":true,"href":"https:\/\/delfoscba.com.ar\/dev\/wp-json\/wp\/v2\/categories?post=3188"},{"taxonomy":"post_tag","embeddable":true,"href":"https:\/\/delfoscba.com.ar\/dev\/wp-json\/wp\/v2\/tags?post=3188"}],"curies":[{"name":"wp","href":"https:\/\/api.w.org\/{rel}","templated":true}]}}