{"id":3206,"date":"2013-03-25T12:18:57","date_gmt":"2013-03-25T15:18:57","guid":{"rendered":"https:\/\/delfosold.exportech.com.ar\/?p=1969"},"modified":"2013-03-25T12:18:57","modified_gmt":"2013-03-25T15:18:57","slug":"el-armado-politico-del-oficialismo-en-2013","status":"publish","type":"post","link":"https:\/\/delfoscba.com.ar\/dev\/notas-de-opinion\/el-armado-politico-del-oficialismo-en-2013\/","title":{"rendered":"El armado pol\u00edtico del oficialismo en 2013"},"content":{"rendered":"<div><\/div>\n<div style=\"text-align: right;\"><img decoding=\"async\" class=\"size-full wp-image-1637 alignnone\" title=\"norman berra\" src=\"https:\/\/delfoscba.com.ar\/\/dev\/\/wp-content\/uploads\/2012\/12\/norman-berra.jpg\" alt=\"\" width=\"100\" height=\"65\" \/><\/div>\n<div style=\"text-align: right;\">Por Norman Berra | Delfos<\/div>\n<div><\/div>\n<div>El pasado mes de febrero (a\u00fan no hay cifras consolidadas de marzo) el gobierno nacional recibi\u00f3 un dato m\u00f3dico, pero alentador, desde una fuente insospechada de cercan\u00eda con el oficialismo: una mejora en el nivel de confianza en el gobierno, seg\u00fan el \u00edndice que mide la Universidad Torcuato Di Tella. La suba fue leve (4% respecto de enero de 2013), aunque en la comparaci\u00f3n interanual segu\u00eda\u00a028% por debajo del registrado en febrero de 2012.El \u00edndice continuaba siendo superior entre los habitantes del Gran Buenos Aires (el distrito electoral de mayor peso) por encima del nivel de confianza en Capital Federal (plaza m\u00e1s bien opositora: si bien en las presidenciales de 2011 CFK se impuso, all\u00ed obtuvo menos ventaja que en el promedio general nacional) y el Interior del pa\u00eds (de postura diversa respecto al oficialismo, con distritos muy favorables y otros no tanto). En t\u00e9rminos etarios, el indicador tuvo un mejor desempe\u00f1o entre los ciudadanos menores de 30 a\u00f1os, continuando la tendencia comenzada en julio de 2012, pero la confianza tambi\u00e9n experiment\u00f3 una leve mejora en los mayores de 30 a\u00f1os.<\/div>\n<div><\/div>\n<div>Ese dato se sumaba a una encuesta nacional dada a conocer por \u00a0Management &amp; Fit (M &amp; F, una de las consultoras que en el hist\u00f3rico de las mediciones muestra los datos m\u00e1s desfavorables al oficialismo) en enero pasado, que mostraba que la presidenta hab\u00eda logrado frenar su ca\u00edda en imagen e incluso lograba un peque\u00f1o crecimiento (en rigor, estad\u00edsticamente no significativo) respecto a diciembre: 28,9 % a 30,7%. La tendencia a la mejora s\u00ed era visible comparada contra el peor momento de CFK en septiembre de 2012 (siempre seg\u00fan M &amp; F) con un piso del 24,3%.<\/div>\n<div><\/div>\n<div>Asimismo, este estudio destacaba que la imagen negativa se manten\u00eda elevada (42,2%) pero esa situaci\u00f3n no era capitalizada por la oposici\u00f3n, que segu\u00eda sin colocar a ning\u00fan referente que concentrara las expectativas de los que rechazan a CFK. Que ning\u00fan opositor aglutinaba el malestar con el oficialismo quedaba puesto en evidencia en el 64,3% de los consultados que desaprobaba la labor\u00a0desarrollada por la oposici\u00f3n (solamente el 12,8% la aprobaba). Asimismo, la evaluaci\u00f3n del gobierno nacional estaba apenas 2 puntos por encima de la valoraci\u00f3n personal de Cristina: 32,6% aprobaba la gesti\u00f3n, contra un 60,1% que la desaprobaba. Seg\u00fan la misma consultora, en febrero pasado el panorama se manten\u00eda\u00a0pr\u00e1cticamente\u00a0inalterado: 32,1% de aprobaci\u00f3n vs. 59,2% de desaprobaci\u00f3n.<\/div>\n<div><\/div>\n<div>En ese marco, el oficialismo fue definiendo cuestiones relativas a la estrategia electoral y el armado pol\u00edtico, de donde pueden destacarse algunas claves a partir de las cuales el kirchnerismo apuesta a mejorar la magra cosecha electoral del 2009 (la peor elecci\u00f3n nacional desde su entronizaci\u00f3n en el poder, pese a haber conservado la primera minor\u00eda electoral en todo el pa\u00eds). En primer t\u00e9rmino, no habr\u00eda adelantamiento de elecciones como en 2009 (fueron en junio), sino primarias en agosto y generales en octubre (como en el electoralmente exitoso 2011); la apuesta oficialista tambi\u00e9n es que eso coincida con un primer semestre del a\u00f1o econ\u00f3micamente m\u00e1s tonificado que el primer semestre del 2012 (lo cual requiere una serie de condiciones, que ser\u00e1n materia de otra entrada en el blog).<\/div>\n<div><\/div>\n<div>En junio se anotar\u00edan las alianzas y listas para las legislativas, lo que coincide con los preparativos para el pago del medio aguinaldo, dato que puede leerse de dos maneras: 1) la gente votar\u00e1 en las primarias con un \u201cefecto aguinaldo\u201d encima (la magnitud que puede tener en t\u00e9rminos de consumo ese efecto en el actual contexto inflacionario est\u00e1 por verse) y 2) en esos d\u00edas, el gobernador Daniel Scioli se encontrar\u00e1 con una exacerbada dependencia de fondos nacionales (para afrontar, justamente, el compromiso del medio aguinaldo). Esto hace m\u00e1s previsible un acuerdo por las listas en el estrat\u00e9gico distrito bonaerense que una abierta ruptura entre el kirchnerismo y Scioli (de hecho, pese a las escaramuzas de las semanas anteriores, en estos d\u00edas Scioli ratific\u00f3 por en\u00e9sima vez su continuidad dentro del espacio). Por otro lado, junio tambi\u00e9n ser\u00eda el tiempo l\u00edmite para que el intendente de Tigre, Sergio Massa, muestre sus cartas (si jugar\u00e1 contra el FPV, a favor del FPV o no jugar\u00e1 en las legislativas).<\/div>\n","protected":false},"excerpt":{"rendered":"<p>El gobierno nacional mejora levemente su nivel de confianza y en base a eso arma su estrategia electoral. <\/p>\n","protected":false},"author":1,"featured_media":0,"comment_status":"open","ping_status":"open","sticky":false,"template":"","format":"standard","meta":{"_acf_changed":false,"footnotes":""},"categories":[6],"tags":[],"class_list":["post-3206","post","type-post","status-publish","format-standard","hentry","category-notas-de-opinion","et-doesnt-have-format-content","et_post_format-et-post-format-standard"],"acf":[],"_links":{"self":[{"href":"https:\/\/delfoscba.com.ar\/dev\/wp-json\/wp\/v2\/posts\/3206","targetHints":{"allow":["GET"]}}],"collection":[{"href":"https:\/\/delfoscba.com.ar\/dev\/wp-json\/wp\/v2\/posts"}],"about":[{"href":"https:\/\/delfoscba.com.ar\/dev\/wp-json\/wp\/v2\/types\/post"}],"author":[{"embeddable":true,"href":"https:\/\/delfoscba.com.ar\/dev\/wp-json\/wp\/v2\/users\/1"}],"replies":[{"embeddable":true,"href":"https:\/\/delfoscba.com.ar\/dev\/wp-json\/wp\/v2\/comments?post=3206"}],"version-history":[{"count":0,"href":"https:\/\/delfoscba.com.ar\/dev\/wp-json\/wp\/v2\/posts\/3206\/revisions"}],"wp:attachment":[{"href":"https:\/\/delfoscba.com.ar\/dev\/wp-json\/wp\/v2\/media?parent=3206"}],"wp:term":[{"taxonomy":"category","embeddable":true,"href":"https:\/\/delfoscba.com.ar\/dev\/wp-json\/wp\/v2\/categories?post=3206"},{"taxonomy":"post_tag","embeddable":true,"href":"https:\/\/delfoscba.com.ar\/dev\/wp-json\/wp\/v2\/tags?post=3206"}],"curies":[{"name":"wp","href":"https:\/\/api.w.org\/{rel}","templated":true}]}}