{"id":3223,"date":"2013-04-26T07:30:19","date_gmt":"2013-04-26T10:30:19","guid":{"rendered":"https:\/\/delfosold.exportech.com.ar\/?p=2029"},"modified":"2013-04-26T07:30:19","modified_gmt":"2013-04-26T10:30:19","slug":"marti-mas-alla-de-marti","status":"publish","type":"post","link":"https:\/\/delfoscba.com.ar\/dev\/notas-de-opinion\/marti-mas-alla-de-marti\/","title":{"rendered":"Mart\u00ed, m\u00e1s all\u00e1 de Mart\u00ed"},"content":{"rendered":"<p style=\"text-align: right;\" dir=\"ltr\">Por Luis Dall&#8217;aglio<\/p>\n<p style=\"text-align: right;\" dir=\"ltr\">Director de <strong><span style=\"color: #800000;\">Delfos<\/span><\/strong><\/p>\n<p><span style=\"font-size: large;\">Trascendi\u00f3 como el intendente de los CPC, pero antes se hab\u00eda ganado el mote de intendente Verde. Tambi\u00e9n fue identificado pol\u00edticamente como \u201cel m\u00e1s peronistas de los radicales\u201d, porque no tuvo problemas en caminar territorios propios de los opositores hist\u00f3ricos de la UCR u homenajear a dirigentes del justicialismo colocando el nombre a plazas y espacios p\u00fablicos.<\/span><\/p>\n<p><span style=\"font-size: large;\">Pero en realidad, Rub\u00e9n Americo Mart\u00ed sintetizaba a un pol\u00edtico que se atrevi\u00f3 a gobernar pensando en los m\u00e1s humildes, facilitando con m\u00e1s servicios a la exigente clase media cordobesa, y brindar a los sectores altos de la sociedad, la ciudad que anhelaban para sentirse orgullos en cualquier lugar del mundo.<\/span><\/p>\n<p><span style=\"font-size: large;\">Se par\u00f3 por encima de las fuerzas partidarias, incluso la suya; se apoy\u00f3 en la diversidad y proyect\u00f3 una \u00fanica identidad expresada en un escudo y un color, el verde.<\/span><\/p>\n<p><span style=\"font-size: large;\">C\u00f3rdoba sin dudas fue distintas all\u00e1 cuando culminaba la d\u00e9cada del 90. Ven\u00eda de fuertes transformaciones que comenzaron una d\u00e9cada antes y que Rub\u00e9n supo aprovechar e impulsar para que se expresara en un plan estrat\u00e9gico que, incluso, lleg\u00f3 a pensarla para 15 a\u00f1os despu\u00e9s de terminada su gesti\u00f3n.<\/span><\/p>\n<p><span style=\"font-size: large;\">Un gran armador de equipos, supo sintetizar en un mismo \u00e1mbito a j\u00f3venes que dieron sustento t\u00e9cnico a ese aluvi\u00f3n loco y de trabajo que gener\u00f3 durante ocho a\u00f1os al frente del Palacio 6 de Julio.<\/span><\/p>\n<p><span style=\"font-size: large;\">Su conducta y actitudes fueron m\u00e1s importante que sus palabras, por eso, molde\u00f3 r\u00e1pidamente un estilo pol\u00edtico que ya se hab\u00eda insinuado en su paso por el Ministerio de Desarrollo Social de la Provincia.<\/span><\/p>\n<p><span style=\"font-size: large;\">Cuando llegaba a un barrio y entregaba una pelota, en realidad regalaba un momento de felicidad en la calle, en el potrero, en la vereda, pero en el barrio, ah\u00ed donde se forjaba la identidad de la ciudad.<\/span><\/p>\n<p><span style=\"font-size: large;\">La felicidad lo desvelaba; generar momentos de felicidad era, a la vuelta del tiempo, el motor que lo llevaba a reemplazar bald\u00edos por potreros, basurales por plazas, ausencias por una presencia permanente, sensible y con un profundo sentido humanista.<\/span><\/p>\n<p><span style=\"font-size: large;\">Poner en una lista todo lo que hizo es tratar de mostrar el inmenso tama\u00f1o de su gesti\u00f3n. Pero la profundidad de su gobierno se entiende en su esencia, en lo que fue, en c\u00f3mo fue, no s\u00f3lo en lo que hizo.<\/span><\/p>\n<p><span style=\"font-size: large;\">Por eso Rub\u00e9n Mart\u00ed fue querido, porque lo que hizo, lo hizo desde el afecto y la entrega sincera a su pueblo que se sintetiz\u00f3 en una supuesto eslogan que en realidad era una consigna pol\u00edtica: Municipalidad para los Vecinos.<\/span><\/p>\n<p><span style=\"text-decoration: underline;\">LA IMAGEN DE MARTI<\/span><\/p>\n<p><iframe src=\"http:\/\/www.youtube.com\/embed\/yUGUsLoTsI0?feature=player_detailpage\" frameborder=\"0\" width=\"640\" height=\"360\"><\/iframe><\/p>\n<p>&nbsp;<\/p>\n","protected":false},"excerpt":{"rendered":"<p>Trascendi\u00f3 como el intendente de los CPC, pero antes se hab\u00eda ganado el mote de intendente Verde. <\/p>\n","protected":false},"author":1,"featured_media":0,"comment_status":"open","ping_status":"open","sticky":false,"template":"","format":"standard","meta":{"_acf_changed":false,"footnotes":""},"categories":[6],"tags":[],"class_list":["post-3223","post","type-post","status-publish","format-standard","hentry","category-notas-de-opinion","et-doesnt-have-format-content","et_post_format-et-post-format-standard"],"acf":[],"_links":{"self":[{"href":"https:\/\/delfoscba.com.ar\/dev\/wp-json\/wp\/v2\/posts\/3223","targetHints":{"allow":["GET"]}}],"collection":[{"href":"https:\/\/delfoscba.com.ar\/dev\/wp-json\/wp\/v2\/posts"}],"about":[{"href":"https:\/\/delfoscba.com.ar\/dev\/wp-json\/wp\/v2\/types\/post"}],"author":[{"embeddable":true,"href":"https:\/\/delfoscba.com.ar\/dev\/wp-json\/wp\/v2\/users\/1"}],"replies":[{"embeddable":true,"href":"https:\/\/delfoscba.com.ar\/dev\/wp-json\/wp\/v2\/comments?post=3223"}],"version-history":[{"count":0,"href":"https:\/\/delfoscba.com.ar\/dev\/wp-json\/wp\/v2\/posts\/3223\/revisions"}],"wp:attachment":[{"href":"https:\/\/delfoscba.com.ar\/dev\/wp-json\/wp\/v2\/media?parent=3223"}],"wp:term":[{"taxonomy":"category","embeddable":true,"href":"https:\/\/delfoscba.com.ar\/dev\/wp-json\/wp\/v2\/categories?post=3223"},{"taxonomy":"post_tag","embeddable":true,"href":"https:\/\/delfoscba.com.ar\/dev\/wp-json\/wp\/v2\/tags?post=3223"}],"curies":[{"name":"wp","href":"https:\/\/api.w.org\/{rel}","templated":true}]}}