{"id":3332,"date":"2017-01-03T12:05:59","date_gmt":"2017-01-03T12:05:59","guid":{"rendered":"https:\/\/delfosold.exportech.com.ar\/?p=3033"},"modified":"2021-04-21T19:54:42","modified_gmt":"2021-04-21T19:54:42","slug":"encuesta-carrio-es-la-mujer-mas-influyente-de-argentina","status":"publish","type":"post","link":"https:\/\/delfoscba.com.ar\/dev\/politica\/encuesta-carrio-es-la-mujer-mas-influyente-de-argentina\/","title":{"rendered":"Encuesta | Carri\u00f3 despu\u00e9s de Macri, es la m\u00e1s influyente de Argentina"},"content":{"rendered":"<p>No hubo elecciones, pero el 2016 igual fue un a\u00f1o completamente pol\u00edtico. Arranc\u00f3 fuerte, con la designaci\u00f3n de los jueces de la Corte por decreto, la salida del cepo cambiario, el tarifazo, el arreglo con los denominados fondos buitre y la promesa fallida del \u201csegundo semestre\u201d, entre otras cosas. Y cuando quedaban semanas para llegar al 2017 explot\u00f3 el tema Ganancias. Pura intensidad.<br \/>\nAlternando buenas y malas, Cambiemos logr\u00f3 cumplir con el primer a\u00f1o de mandato, luego de m\u00e1s de una d\u00e9cada de kirchnerismo. En reconocimiento, tres de sus figuras quedaron a la cabeza del ranking de las personalidades m\u00e1s influyentes que NOTICIAS publica desde 1995. Este a\u00f1o se subieron al podio Mauricio Macri, Elisa Carri\u00f3 y Mar\u00eda Eugenia Vidal.<\/p>\n<p><a href=\"https:\/\/delfoscba.com.ar\/\/dev\/\/wp-content\/uploads\/2017\/01\/carrio-macri.jpg\"><img fetchpriority=\"high\" decoding=\"async\" class=\"aligncenter wp-image-3034\" src=\"https:\/\/delfoscba.com.ar\/\/dev\/\/wp-content\/uploads\/2017\/01\/carrio-macri.jpg\" alt=\"carrio-macri\" width=\"600\" height=\"600\" \/><\/a><br \/>\nEl Presidente de la Naci\u00f3n vuelve a coronarse como el m\u00e1s influyente, tal cual lo hiciera el a\u00f1o pasado. Pero adem\u00e1s es un habitu\u00e9 del top ten: desde el 2005 queda entre los 10 m\u00e1s votados, ininterrumpidamente. Otra particularidad: desde el 2003, quien ejerce el cargo de jefe del Ejecutivo nacional es reconocido por los votantes como el l\u00edder de esta encuesta (las \u00fanicas excepciones se dieron en el 2008 y 2009, cuando Cristina era presidenta, pero el elegido fue N\u00e9stor Kirchner).<br \/>\nCerca de Macri qued\u00f3 la pol\u00e9mica diputada \u201cLilita\u201d Carri\u00f3, una aliada un tanto especial: es una de las fundadoras de Cambiemos y se considera amiga personal del Presidente, pero en muchas oportunidades le puso un freno a la gesti\u00f3n, hizo p\u00fablicas sus feroces cr\u00edticas e incluso logr\u00f3 que se reviertan decisiones. La tercera del podio es la flamante estrella del PRO, la gobernadora de Buenos Aires Mar\u00eda Eugenia Vidal, que consigui\u00f3 un ascenso mete\u00f3rico dentro de esta encuesta: no hab\u00eda aparecido en el ranking antes del 2015, cuando qued\u00f3 sexta. Con esa tr\u00edada, Cambiemos qued\u00f3 al frente del ranking de influyentes realizado por la consultora Giacobbe &amp; Asociados Opini\u00f3n P\u00fablica a pedido de NOTICIAS. Para este estudio, que se publica desde hace m\u00e1s de dos d\u00e9cadas en la revista, se consultaron a pol\u00edticos, periodistas, empresarios, intelectuales y figuras de la cultura.<br \/>\nOposici\u00f3n. En el top ten, donde predomina la pol\u00edtica, tambi\u00e9n entraron tres opositores: Cristina Kirchner en el puesto 6, Sergio Massa en el 8 y su posible aliada para las legislativas de 2017, Margarita Stolbizer, en el 10.<br \/>\nCristina logr\u00f3 mantenerse en los primeros puestos, a pesar de no haberse movido demasiado de su \u201clugar en el mundo\u201d, el Sur. Las apariciones p\u00fablicas se reducen a una entrevista con periodistas extranjeros y varias visitas a Comodoro Py (en las primeras, muy acompa\u00f1ada por su militancia). Donde s\u00ed tuvo un rol muy activo fue en las redes sociales.<\/p>\n<p><a href=\"https:\/\/delfoscba.com.ar\/\/dev\/\/wp-content\/uploads\/2017\/01\/milagro-sala.jpg\"><img decoding=\"async\" class=\"aligncenter wp-image-3035\" src=\"https:\/\/delfoscba.com.ar\/\/dev\/\/wp-content\/uploads\/2017\/01\/milagro-sala.jpg\" alt=\"milagro-sala\" width=\"600\" height=\"600\" \/><\/a><br \/>\nComo \u201copositor responsable\u201d, Sergio Massa acompa\u00f1\u00f3 el primer a\u00f1o de gobierno, viaj\u00f3 con Macri al foro de Davos y a Cartagena y negoci\u00f3 leyes en el Congreso, pero se diferenci\u00f3 sobre el cierre del 2016 con el proyecto de Ganancias. Tanto, que el Presidente lo acus\u00f3 de \u201cimpostor\u201d. El l\u00edder del Frente Renovador tuvo su mejor posici\u00f3n en el 2013, cuando qued\u00f3 en el puesto 5 a ra\u00edz de haber derrotado al kirchnerismo en las elecciones legislativas de Buenos Aires.<br \/>\nStolbizer se convirti\u00f3 en la impulsora de varias causas contra Cristina Kirchner. Con un rol preponderante en los medios de comunicaci\u00f3n, fue tanta su participaci\u00f3n en la Justicia que incluso lleg\u00f3 a ser contrademandada por la ex presidenta y llevada a una mediaci\u00f3n. NOTICIAS le dedic\u00f3 una tapa en agosto como \u201cla mujer que puede meter presa a CFK\u201d.<br \/>\nTras el top ten no aparecen m\u00e1s opositores a Cambiemos hasta el puesto 38, donde se ubica el gobernador de Salta, Juan Manuel Urtubey. Si bien en el entorno del peronista consideran que este fue uno de sus mejores a\u00f1os (se cas\u00f3 con la famosa actriz Isabel Macedo y gan\u00f3 notoriedad como uno de los art\u00edfices del acuerdo por Ganancias), perdi\u00f3 algunos puestos con respecto al 2015, cuando estaba en el 34. Diez lugares despu\u00e9s se encuentra el ex gobernador Daniel Scioli, que pas\u00f3 de estar a un punto de lograr la presidencia en el 2015 a recibir innumerables golpes judiciales y medi\u00e1ticos en el segundo semestre. El a\u00f1o pasado estaba en el puesto 20. De cualquier manera, no son todas p\u00e1lidas para el ex motonauta: blanque\u00f3 su romance con una hermosa modelo, 31 a\u00f1os menor.<br \/>\nAl diputado Axel Kicillof (46\u00b0) dejar de ser funcionario le hizo bien. Le fue mucho mejor en esta encuesta que cuando era ministro de Econom\u00eda: en el 2015 estaba en el puesto 74. Despu\u00e9s de tantos a\u00f1os en la pol\u00edtica, el peronista Miguel \u00c1ngel Pichetto aparece por primera vez en el ranking (54\u00b0), mientras que el massista Roberto Lavagna (70\u00b0) vuelve tras dos a\u00f1os de ausencia.<br \/>\nVarios funcionarios del Gobierno se encuentran en la lista. El primero es el jefe de Gabinete, Marcos Pe\u00f1a, en el puesto 22 (aunque descendi\u00f3 11 escalones con respecto a 2015). Muy cerca lo acompa\u00f1an el renunciado Alfonso Prat-Gay (23\u00ba) y Rogelio Frigerio (25\u00ba). Despu\u00e9s, lejos, aparecen Gabriela Michetti (51\u00ba), Ernesto Sanz (58\u00ba), Susana Malcorra (62\u00ba), Patricia Bullrich (66\u00ba), Carolina Stanley (71\u00ba) y Mario Quintana (98\u00ba).<br \/>\nTodo sigue igual. Los periodistas m\u00e1s cr\u00edticos con el kirchnerismo siguen siendo considerados como los m\u00e1s influyentes, y la evidencia est\u00e1 en que las mediciones los siguen acompa\u00f1ando. Si bien en el top ten s\u00f3lo aparece Jorge Lanata (5\u00ba), pelda\u00f1os por debajo lo acompa\u00f1an Marcelo Longobardi (20\u00ba), Nelson Castro (31\u00ba), Alfredo y Diego Leuco (32\u00ba y 78\u00ba, \u00fanicos padre e hijo dentro de la encuesta), Nicol\u00e1s Wi\u00f1azki (59%) y Luis Majul (64\u00ba), entre otros. Del otro lado del tablero, se atrincheran s\u00f3lo dos defensores de Cristina: V\u00edctor Hugo Morales (68\u00ba) y un debutante en el ranking, Roberto Navarro (73\u00ba).<br \/>\nMarcelo Tinelli (7\u00b0) es una de las cinco personalidades que se mantienen en la encuesta desde la primera vez, en 1995. De hecho, pertenece al selecto grupo de los diez m\u00e1s votados desde 1999. Empez\u00f3 el a\u00f1o pele\u00e1ndose con Macri, pero luego llegaron a un acuerdo que ahora otra vez se resquebraja. Mientras tanto, revel\u00f3 que sigue interesado en liderar la AFA. Otras estrellas que resisten el paso del tiempo y se mantienen en la encuesta desde hace m\u00e1s de dos d\u00e9cadas son Susana Gim\u00e9nez (16\u00b0) y Diego Maradona (18\u00b0). Sin emitir opiniones, Lionel Messi tambi\u00e9n tiene su lugar: qued\u00f3 en el puesto 11. Un l\u00edder silencioso.<br \/>\nEl Papa Francisco se cay\u00f3 del podio despu\u00e9s de estar segundo desde que lleg\u00f3 al Vaticano, en el 2013. Pero sigue prendido: est\u00e1 en el puesto 4. En el plano internacional, debuta el flamante presidente de Estados Unidos, Donald Trump (17\u00b0), pero es seguido muy de cerca por el saliente, Barack Obama (19\u00b0). Varios escalones m\u00e1s abajo est\u00e1 el presidente ruso Vladimir Putin (47\u00b0). Mientras tanto, quien volvi\u00f3 a la encuesta, en el a\u00f1o de su muerte, es Fidel Castro (45\u00ba).<br \/>\nEn la Argentina no necesita haber sufragios para que la pol\u00edtica se viva a flor de piel. No hubo campa\u00f1a y sin embargo la intensidad fue la de un a\u00f1o electoral. M\u00e1s de dos tercios de los 100 m\u00e1s votados est\u00e1n relacionados directamente con la pol\u00edtica.<br \/>\nEn el 2017, elecciones mediante, se ver\u00e1 si Cambiemos logra hacer funcionar la m\u00e1quina de la econom\u00eda, o si el peronismo se rearma y consigue hacer pie. Mientras tanto, todos estar\u00e1n atentos a mejorar en este ranking. Saben que no hay un capital m\u00e1s importante que ejercer la mayor influencia posible.<\/p>\n<p>&nbsp;<\/p>\n<p>Fuente: Revista Noticias<\/p>\n","protected":false},"excerpt":{"rendered":"<p>Un sondeo de Giacobbe &#038; Asociados para NOTICIAS elige a los que m\u00e1s gravitan sobre la realidad nacional. La ca\u00edda del Papa, el ascenso de Vidal y Lanata por encima de Cristina.<\/p>\n","protected":false},"author":1,"featured_media":3338,"comment_status":"open","ping_status":"open","sticky":false,"template":"","format":"standard","meta":{"_acf_changed":false,"footnotes":""},"categories":[3],"tags":[39,160,161,31],"class_list":["post-3332","post","type-post","status-publish","format-standard","has-post-thumbnail","hentry","category-politica","tag-argentina","tag-personajes","tag-politicos","tag-sociedad","et-has-post-format-content","et_post_format-et-post-format-standard"],"acf":[],"_links":{"self":[{"href":"https:\/\/delfoscba.com.ar\/dev\/wp-json\/wp\/v2\/posts\/3332","targetHints":{"allow":["GET"]}}],"collection":[{"href":"https:\/\/delfoscba.com.ar\/dev\/wp-json\/wp\/v2\/posts"}],"about":[{"href":"https:\/\/delfoscba.com.ar\/dev\/wp-json\/wp\/v2\/types\/post"}],"author":[{"embeddable":true,"href":"https:\/\/delfoscba.com.ar\/dev\/wp-json\/wp\/v2\/users\/1"}],"replies":[{"embeddable":true,"href":"https:\/\/delfoscba.com.ar\/dev\/wp-json\/wp\/v2\/comments?post=3332"}],"version-history":[{"count":1,"href":"https:\/\/delfoscba.com.ar\/dev\/wp-json\/wp\/v2\/posts\/3332\/revisions"}],"predecessor-version":[{"id":11018,"href":"https:\/\/delfoscba.com.ar\/dev\/wp-json\/wp\/v2\/posts\/3332\/revisions\/11018"}],"wp:featuredmedia":[{"embeddable":true,"href":"https:\/\/delfoscba.com.ar\/dev\/wp-json\/wp\/v2\/media\/3338"}],"wp:attachment":[{"href":"https:\/\/delfoscba.com.ar\/dev\/wp-json\/wp\/v2\/media?parent=3332"}],"wp:term":[{"taxonomy":"category","embeddable":true,"href":"https:\/\/delfoscba.com.ar\/dev\/wp-json\/wp\/v2\/categories?post=3332"},{"taxonomy":"post_tag","embeddable":true,"href":"https:\/\/delfoscba.com.ar\/dev\/wp-json\/wp\/v2\/tags?post=3332"}],"curies":[{"name":"wp","href":"https:\/\/api.w.org\/{rel}","templated":true}]}}