{"id":3372,"date":"2017-01-27T10:12:28","date_gmt":"2017-01-27T13:12:28","guid":{"rendered":"https:\/\/delfosold.exportech.com.ar\/?p=3105"},"modified":"2021-04-21T19:51:54","modified_gmt":"2021-04-21T19:51:54","slug":"otra-senal-de-la-crisis-cayo-cantidad-de-residuos-recolectados-en-2016","status":"publish","type":"post","link":"https:\/\/delfoscba.com.ar\/dev\/politica\/otra-senal-de-la-crisis-cayo-cantidad-de-residuos-recolectados-en-2016\/","title":{"rendered":"Otra se\u00f1al de la crisis: cay\u00f3 cantidad de residuos recolectados en 2016"},"content":{"rendered":"<p>El a\u00f1o pasado fueron 744,3 mil toneladas, 3,5% menos que en 2015. Se trata de residuos s\u00f3lidos urbanos. Sin una pol\u00edtica contundente de separaci\u00f3n en origen y tratamiento diferenciado, por ahora el an\u00e1lisis de la baja tiene relaci\u00f3n principalmente con el ciclo econ\u00f3mico. El r\u00e9cord fue en 2008, con 934 mil toneladas. En tanto, en 2002, en plena crisis, cay\u00f3 a 529.206<\/p>\n<p>La cantidad de residuos s\u00f3lidos urbanos recolectados en la ciudad de C\u00f3rdoba y transportados al predio de enterramiento de Piedras Blancas fue en 2016 de 744,3 mil toneladas, 3,5 por ciento menos que la reportada en 2015.<br \/>\nLos datos oficiales informados por la Municipalidad de C\u00f3rdoba marcan as\u00ed una ca\u00edda en el tonelaje transportado luego de tres a\u00f1os de suba consecutiva. La cantidad de residuos generados por la ciudad y transportados luego al predio de enterramiento es una se\u00f1al m\u00e1s respecto de la ca\u00edda en el consumo y en general en el nivel de actividad econ\u00f3mica.<br \/>\nOcurre que hasta tanto no se concrete una fuerte pol\u00edtica de recolecci\u00f3n diferenciada y se genere una cultura de la separaci\u00f3n en origen -de hecho, los residuos secos van a los denominados \u201cpuntos verdes\u201d y no se computan en el ingreso a Piedras Blancas- cualquier reducci\u00f3n en la cantidad de basura ingresada a ese predio de enterramiento tendr\u00e1 que ver con el ciclo econ\u00f3mico m\u00e1s que con cualquier otra situaci\u00f3n.<br \/>\n\u201cEl tema tiene que ver b\u00e1sicamente con la situaci\u00f3n econ\u00f3mica. No obstante, se percibe una recuperaci\u00f3n en las toneladas transportadas\u201d, se\u00f1al\u00f3 a Comercio y Justicia el director de Higiene Urbana, Daniel Verseci.<br \/>\nDe hecho, en el detalle por mes, se evidencia un quiebre en el \u00faltimo trimestre del a\u00f1o, con un fuerte incremento de las toneladas transportadas respecto al mismo per\u00edodo del a\u00f1o pasado. Por ejemplo, en diciembre, se transportaron 76,1 mil toneladas frente a 58,8 mil de 2015. A fines de ese a\u00f1o ya el consumo aparec\u00eda golpeado tras la devaluaci\u00f3n y suba de precios.<br \/>\nPor lo dem\u00e1s, el a\u00f1o pasado, la cantidad de toneladas transportadas fue mayor que la registrada en 2014. La suba fue de 10,1 por ciento.<br \/>\nEl anclaje de la cantidad de residuos transportados y, en definitiva, generados respecto a la situaci\u00f3n econ\u00f3mica en general se puede observar a lo largo de los a\u00f1os en una serie que incluye datos desde 1988.<br \/>\nClaro que el volumen generado entonces era menor en buena medida porque la poblaci\u00f3n tambi\u00e9n lo era.<br \/>\nComo fuere, es dif\u00edcil comparar la situaci\u00f3n de entonces con la de los \u00faltimos a\u00f1os, debido al tipo de servicio que hab\u00eda entonces.<br \/>\nEn funci\u00f3n de esas estad\u00edsticas, por ejemplo, en 1989 se verific\u00f3 la menor cantidad de toneladas recolectadas, cuando se reportaron 178,5 mil toneladas. El tonelaje fue relativamente bajo hasta mediados de los a\u00f1os 90. De hecho, desde 1995 cuando se situ\u00f3 en 390 mil toneladas pas\u00f3 a 708 mil en 1999.<br \/>\nMuestra de la incidencia econ\u00f3mica en la evoluci\u00f3n del indicador es el dato de 2002 cuando luego de tocar 821,5 mil toneladas en 1998, baj\u00f3 a 529,2 mil toneladas ese a\u00f1o, tras la devaluaci\u00f3n.<br \/>\nRespecto a los \u00faltimos a\u00f1os, el r\u00e9cord fue en 2008 cuando se transportaron 934,6 mil toneladas. Al a\u00f1o siguiente, con el impacto de la crisis y en medio de un a\u00f1o recesivo, cay\u00f3 a 670,5 mil toneladas y a\u00fan m\u00e1s en 2010 cuando toc\u00f3 un piso de 577 mil toneladas.<br \/>\nEn cuanto a los residuos \u201csecos\u201d, los datos informados aparecen desactualizados. Corresponden a 2013 y llegaron a 2.644,4 toneladas, cifra que se mantuvo casi similar a la del a\u00f1o inmediato anterior. M\u00e1s all\u00e1 de que esa cifra haya aumentado, sigue siendo marginal respecto al volumen total de residuos s\u00f3lidos urbanos.<\/p>\n<p>&nbsp;<\/p>\n<p>Fuente: Comercio y Justicia<\/p>\n","protected":false},"excerpt":{"rendered":"<p>El a\u00f1o pasado fueron 744,3 mil toneladas, 3,5% menos que en 2015.  El r\u00e9cord fue en 2008, con 934 mil toneladas. En tanto, en 2002, en plena crisis, cay\u00f3 a 529.206<\/p>\n","protected":false},"author":1,"featured_media":3374,"comment_status":"open","ping_status":"open","sticky":false,"template":"","format":"standard","meta":{"_acf_changed":false,"footnotes":""},"categories":[3],"tags":[],"class_list":["post-3372","post","type-post","status-publish","format-standard","has-post-thumbnail","hentry","category-politica","et-has-post-format-content","et_post_format-et-post-format-standard"],"acf":[],"_links":{"self":[{"href":"https:\/\/delfoscba.com.ar\/dev\/wp-json\/wp\/v2\/posts\/3372","targetHints":{"allow":["GET"]}}],"collection":[{"href":"https:\/\/delfoscba.com.ar\/dev\/wp-json\/wp\/v2\/posts"}],"about":[{"href":"https:\/\/delfoscba.com.ar\/dev\/wp-json\/wp\/v2\/types\/post"}],"author":[{"embeddable":true,"href":"https:\/\/delfoscba.com.ar\/dev\/wp-json\/wp\/v2\/users\/1"}],"replies":[{"embeddable":true,"href":"https:\/\/delfoscba.com.ar\/dev\/wp-json\/wp\/v2\/comments?post=3372"}],"version-history":[{"count":1,"href":"https:\/\/delfoscba.com.ar\/dev\/wp-json\/wp\/v2\/posts\/3372\/revisions"}],"predecessor-version":[{"id":11015,"href":"https:\/\/delfoscba.com.ar\/dev\/wp-json\/wp\/v2\/posts\/3372\/revisions\/11015"}],"wp:featuredmedia":[{"embeddable":true,"href":"https:\/\/delfoscba.com.ar\/dev\/wp-json\/wp\/v2\/media\/3374"}],"wp:attachment":[{"href":"https:\/\/delfoscba.com.ar\/dev\/wp-json\/wp\/v2\/media?parent=3372"}],"wp:term":[{"taxonomy":"category","embeddable":true,"href":"https:\/\/delfoscba.com.ar\/dev\/wp-json\/wp\/v2\/categories?post=3372"},{"taxonomy":"post_tag","embeddable":true,"href":"https:\/\/delfoscba.com.ar\/dev\/wp-json\/wp\/v2\/tags?post=3372"}],"curies":[{"name":"wp","href":"https:\/\/api.w.org\/{rel}","templated":true}]}}