{"id":3508,"date":"2017-04-07T14:28:31","date_gmt":"2017-04-07T17:28:31","guid":{"rendered":"https:\/\/delfosold.exportech.com.ar\/?p=3229"},"modified":"2017-04-07T14:28:31","modified_gmt":"2017-04-07T17:28:31","slug":"la-articulacion-entre-la-comunidad-que-consume-y-que-vota","status":"publish","type":"post","link":"https:\/\/delfoscba.com.ar\/dev\/notas-de-opinion\/la-articulacion-entre-la-comunidad-que-consume-y-que-vota\/","title":{"rendered":"La articulaci\u00f3n entre la comunidad que consume y que vota"},"content":{"rendered":"<p>\u201cLa discusi\u00f3n sobre si medir los resultados del Gobierno por la lucha contra la inflaci\u00f3n o un mayor consumo es irrelevante. La votaci\u00f3n final tiene que ver con \u00b4la sensaci\u00f3n del bolsillo\u00b4, que combinar\u00e1 ambos elementos\u201d escribi\u00f3 el columnista Juan Turello a fines de marzo. Efectivamente, como proponemos en este blog, no existe por un lado un mercado y por otro un electorado: existe una comunidad, y esa comunidad consume y vota. Por lo tanto, tanto al hacer investigaci\u00f3n de mercado como al indagar tendencias electorales, estamos midiendo una comunidad, y las dimensiones de consumo y las pol\u00edticas no est\u00e1n desconectadas. Veamos un caso.<\/p>\n<p>El \u00edndice de Confianza del Consumidor para la ciudad de Rosario (ICC) del Primer Trimestre de 2017 (medido entre el 13 y el 16 de marzo pasado) elaborado por la comisi\u00f3n de Econom\u00eda del Centro de Estudios arroj\u00f3 en relaci\u00f3n a la medici\u00f3n del trimestre anterior una importante ca\u00edda del 13,6%; en t\u00e9rminos interanuales, respecto a la medici\u00f3n de marzo del a\u00f1o pasado la disminuci\u00f3n es del 18%. La percepci\u00f3n de los rosarinos acerca de la situaci\u00f3n econ\u00f3mica actual del pa\u00eds comparada con la de un a\u00f1o atr\u00e1s empeor\u00f3 significativamente: el 65,5% consider\u00f3 que la econom\u00eda argentina est\u00e1 peor que hace un a\u00f1o, mientras que solo el 6,5% la consider\u00f3 mejor. Seg\u00fan Javier Ganem, el presidente del Centro de Estudios, \u00abestos n\u00fameros indican una expectativa y una confianza muy baja en la econom\u00eda y centralmente hay una muy mala valoraci\u00f3n de los rosarinos\/as de la situaci\u00f3n actual econ\u00f3mica de este a\u00f1o respecto del a\u00f1o pasado. Lo que se verific\u00f3 por primera vez en esta medici\u00f3n es que tambi\u00e9n caen las expectativas a futuro; anteriormente se hab\u00edan verificado altas esperanzas, pero esa situaci\u00f3n se va erosionando\u00bb.<\/p>\n<p>Ese desgaste se traduce en una retracci\u00f3n de la predisposici\u00f3n a consumir: un 76 % de los rosarinos opin\u00f3 que no es un buen momento para comprar autos e inmuebles y un casi un 65% que tampoco es un buen momento para comprar bienes como muebles, televisores, lavarropas, computadoras y otros electrodom\u00e9sticos. El indicador de compra sufri\u00f3 una fuerte merma del 26% con relaci\u00f3n a la medici\u00f3n del \u00faltimo trimestre del 2016. Seg\u00fan el informe presentado, la p\u00e9rdida de poder adquisitivo de los asalariados, la falta de definici\u00f3n de las principales negociaciones paritarias y la incertidumbre acerca del sostenimiento de los niveles de empleo operan como un fuerte freno a la reactivaci\u00f3n del consumo y la econom\u00eda en general, a lo que se suman tambi\u00e9n factores coyunturales como el fracaso del programa Precios Transparentes (que frustr\u00f3 la posibilidad de comprar en cuotas y sin inter\u00e9s) y otros estacionales (como los aumentos de tarifas y los gastos escolares), mermando el poder adquisitivo de los salarios. En ese marco, el ICC muestra que el incremento de la desconfianza en el consumo se da m\u00e1s en los sectores m\u00e1s humildes, en las mujeres y en los j\u00f3venes (los insumos que m\u00e1s aumentaron por encima de la media son los alimentos de primera necesidad y los j\u00f3venes se ubican en el segmento m\u00e1s vulnerable).<\/p>\n<p><a href=\"https:\/\/delfoscba.com.ar\/\/dev\/\/wp-content\/uploads\/2017\/04\/ICC-NACIONAL-1.png\"><img fetchpriority=\"high\" decoding=\"async\" class=\"aligncenter wp-image-3230\" src=\"https:\/\/delfoscba.com.ar\/\/dev\/\/wp-content\/uploads\/2017\/04\/ICC-NACIONAL-1-300x178.png\" alt=\"ICC NACIONAL\" width=\"550\" height=\"326\" \/><\/a><\/p>\n<p>Esa ca\u00edda en la confianza del consumidor tiene su traducci\u00f3n pol\u00edtico-electoral. El mismo estudio muestra una ca\u00edda en las expectativas, que en el primer a\u00f1o del gobierno del presidente Mauricio Macri hab\u00edan sido particularmente altas. En esa l\u00ednea, s\u00f3lo un 36,6 % de los rosarinos considera que la situaci\u00f3n econ\u00f3mica del pa\u00eds ser\u00e1 mejor dentro de un a\u00f1o, cuando al comienzo del actual per\u00edodo presidencial las expectativas positivas al respecto alcanzaban al 56%. Adicionalmente, la \u00faltima encuesta realizada en Rosario por la consultora Andr\u00e9s Mautone &amp; Asociados sobre una muestra de 400 casos arroj\u00f3 que un 46% de los rosarinos desaprueba la gesti\u00f3n del presidente Mauricio Macri; otro 32% califica a la gesti\u00f3n como regular y apenas un 17% la aprueba. Comparando esos valores con los registrados en la medici\u00f3n de diciembre de 2016, tanto el nivel de reprobaci\u00f3n como la imagen regular de la gesti\u00f3n del actual mandatario se incrementaron en 6,3 y 3,9 puntos porcentuales, respectivamente; en sentido contrario, el nivel de aprobaci\u00f3n de dicha gesti\u00f3n se recort\u00f3 un 7,5 %. En ese marco, de cara a las elecciones legislativas de este a\u00f1o, si los comicios de medio t\u00e9rmino fueran hoy poco m\u00e1s de 4 de cada 10 encuestados votar\u00edan a candidatos a diputados nacionales que le pongan un freno o hagan un llamado de atenci\u00f3n al gobierno nacional. Esto insin\u00faa un \u201cvoto correctivo\u201d respecto al rumbo de la actual gesti\u00f3n (es decir, no un \u201cvoto castigo\u201d neto, pero tampoco un aval al desempe\u00f1o); algo m\u00e1s del 24% votar\u00eda por candidatos que reafirmen el actual rumbo del oficialismo, mientras que poco m\u00e1s del 32% se manifiesta indeciso al respecto.<\/p>\n<p>Ese 46% de desaprobaci\u00f3n de los rosarinos al gobierno nacional es casi id\u00e9ntico al 44,2% de los argentinos que desaprueba la forma en que est\u00e1 conduciendo el gobierno nacional, seg\u00fan la m\u00e1s reciente encuesta de Management &amp; Fit; por contrapartida, un 40,2 % sigue respaldando al oficialismo. Esa evaluaci\u00f3n coincide, al igual que se advierte en Rosario, con un empeoramiento de las expectativas: el 48,3% cree que la situaci\u00f3n econ\u00f3mica del pa\u00eds \u201cestar\u00e1 peor\u201d en los pr\u00f3ximos meses y s\u00f3lo el 27 % considera que \u201cestar\u00e1 mejor\u201d. Llevando la pregunta al terreno individual y micro, el 43,7 % de los argentinos consider\u00f3 que su su situaci\u00f3n econ\u00f3mica personal empeorar\u00e1, mientras que un 20,9% cree que mejorar\u00e1. Ese empeoramiento tambi\u00e9n es consistente con el dato que arroj\u00f3 el \u00cdndice de Confianza del Consumidor (ICC) para marzo a nivel nacional: una ca\u00edda del 15% respecto del mismo mes del a\u00f1o pasado, seg\u00fan se desprende del informe del Centro de Investigaci\u00f3n en Finanzas de la Escuela de Negocios de la Universidad Torcuato Di Tella. Esto ratifica la conexi\u00f3n de las dimensiones de consumo con las pol\u00edtico-electorales.<\/p>\n<p>&nbsp;<\/p>\n<p>Fuente: <a href=\"http:\/\/climadeopinion.blogspot.com.ar\/2017\/04\/la-articulacion-entre-la-comunidad-que.html\">Clima de Opini\u00f3n<\/a><\/p>\n","protected":false},"excerpt":{"rendered":"<p>\u201cLa discusi\u00f3n sobre si medir los resultados del Gobierno por la lucha contra la inflaci\u00f3n o un mayor consumo es irrelevante. La votaci\u00f3n final tiene que ver con \u00b4la sensaci\u00f3n del bolsillo\u00b4, que combinar\u00e1 ambos elementos\u201d escribi\u00f3 el columnista Juan Turello a fines de marzo. Efectivamente, como proponemos en este blog, no existe por un [&hellip;]<\/p>\n","protected":false},"author":1,"featured_media":0,"comment_status":"open","ping_status":"open","sticky":false,"template":"","format":"standard","meta":{"_acf_changed":false,"footnotes":""},"categories":[6],"tags":[39,40,81,128,42,140,56,200],"class_list":["post-3508","post","type-post","status-publish","format-standard","hentry","category-notas-de-opinion","tag-argentina","tag-consultora","tag-consumo","tag-delfos","tag-economia","tag-macri","tag-politica","tag-votantes","et-doesnt-have-format-content","et_post_format-et-post-format-standard"],"acf":[],"_links":{"self":[{"href":"https:\/\/delfoscba.com.ar\/dev\/wp-json\/wp\/v2\/posts\/3508","targetHints":{"allow":["GET"]}}],"collection":[{"href":"https:\/\/delfoscba.com.ar\/dev\/wp-json\/wp\/v2\/posts"}],"about":[{"href":"https:\/\/delfoscba.com.ar\/dev\/wp-json\/wp\/v2\/types\/post"}],"author":[{"embeddable":true,"href":"https:\/\/delfoscba.com.ar\/dev\/wp-json\/wp\/v2\/users\/1"}],"replies":[{"embeddable":true,"href":"https:\/\/delfoscba.com.ar\/dev\/wp-json\/wp\/v2\/comments?post=3508"}],"version-history":[{"count":0,"href":"https:\/\/delfoscba.com.ar\/dev\/wp-json\/wp\/v2\/posts\/3508\/revisions"}],"wp:attachment":[{"href":"https:\/\/delfoscba.com.ar\/dev\/wp-json\/wp\/v2\/media?parent=3508"}],"wp:term":[{"taxonomy":"category","embeddable":true,"href":"https:\/\/delfoscba.com.ar\/dev\/wp-json\/wp\/v2\/categories?post=3508"},{"taxonomy":"post_tag","embeddable":true,"href":"https:\/\/delfoscba.com.ar\/dev\/wp-json\/wp\/v2\/tags?post=3508"}],"curies":[{"name":"wp","href":"https:\/\/api.w.org\/{rel}","templated":true}]}}