{"id":3518,"date":"2017-04-13T15:30:28","date_gmt":"2017-04-13T18:30:28","guid":{"rendered":"https:\/\/delfosold.exportech.com.ar\/?p=3246"},"modified":"2017-04-13T15:30:28","modified_gmt":"2017-04-13T18:30:28","slug":"encuesta-predomina-el-estado-de-animo-negativo-en-los-cordobeses","status":"publish","type":"post","link":"https:\/\/delfoscba.com.ar\/dev\/sociedad\/encuesta-predomina-el-estado-de-animo-negativo-en-los-cordobeses\/","title":{"rendered":"Encuesta | Predomina el estado de \u00e1nimo negativo en los cordobeses"},"content":{"rendered":"<p>Las emociones de tinte negativo est\u00e1n 18 puntos porcentuales por encima de las positivas, en relaci\u00f3n a la situaci\u00f3n del pa\u00eds.<br \/>\nLos datos se\u00f1alan que en un a\u00f1o hubo un claro traslado: las emociones positivas pasaron de 50% en marzo de 2016 a un 37% en el \u00faltimo mes. En tanto las emociones negativas que crecieron 20 puntos porcentuales. En suma, se invirti\u00f3 el orden. Hoy, el predominio es de las emociones negativas.<\/p>\n<p><a href=\"https:\/\/delfosold.exportech.com.ar\/wp-content\/uploads\/2017\/04\/Estado-de-Animo-1.jpg\"><img fetchpriority=\"high\" decoding=\"async\" class=\"aligncenter wp-image-3247\" src=\"https:\/\/delfosold.exportech.com.ar\/wp-content\/uploads\/2017\/04\/Estado-de-Animo-1-300x276.jpg\" alt=\"Estado de Animo 1\" width=\"550\" height=\"507\" \/><\/a><\/p>\n<p>Evidentemente es en el interior donde hay mayor hegemon\u00eda de las emociones negativas.<\/p>\n<p><a href=\"https:\/\/delfosold.exportech.com.ar\/wp-content\/uploads\/2017\/04\/Estado-de-Animo-2.jpg\"><img decoding=\"async\" class=\"aligncenter wp-image-3248\" src=\"https:\/\/delfosold.exportech.com.ar\/wp-content\/uploads\/2017\/04\/Estado-de-Animo-2-300x279.jpg\" alt=\"Estado de Animo 2\" width=\"550\" height=\"512\" \/><\/a><\/p>\n<p>La emoci\u00f3n negativa que m\u00e1s creci\u00f3 fue la bronca, que aument\u00f3 9 puntos porcentuales en un a\u00f1o. En contrapartida, la emoci\u00f3n positiva que m\u00e1s merm\u00f3 su porcentaje fue la esperanza, que cay\u00f3 8 puntos porcentuales.<\/p>\n<p><a href=\"https:\/\/delfosold.exportech.com.ar\/wp-content\/uploads\/2017\/04\/positivo-o-negativo.jpg\"><img decoding=\"async\" class=\"aligncenter wp-image-3249\" src=\"https:\/\/delfosold.exportech.com.ar\/wp-content\/uploads\/2017\/04\/positivo-o-negativo-295x300.jpg\" alt=\"positivo-o-negativo\" width=\"550\" height=\"559\" \/><\/a><\/p>\n","protected":false},"excerpt":{"rendered":"<p>Los datos se\u00f1alan que en un a\u00f1o hubo un claro traslado: las emociones positivas pasaron de 50% en marzo de 2016 a un 37% en el \u00faltimo mes. <\/p>\n","protected":false},"author":1,"featured_media":0,"comment_status":"open","ping_status":"open","sticky":false,"template":"","format":"standard","meta":{"_acf_changed":false,"footnotes":""},"categories":[4],"tags":[39,204,38,128,42,205,166,206,207,208,209],"class_list":["post-3518","post","type-post","status-publish","format-standard","hentry","category-sociedad","tag-argentina","tag-bronca","tag-cordoba","tag-delfos","tag-economia","tag-emociones","tag-estado-de-animo","tag-expectativa","tag-negativo","tag-positivo","tag-situacion-de-pais","et-doesnt-have-format-content","et_post_format-et-post-format-standard"],"acf":[],"_links":{"self":[{"href":"https:\/\/delfoscba.com.ar\/dev\/wp-json\/wp\/v2\/posts\/3518","targetHints":{"allow":["GET"]}}],"collection":[{"href":"https:\/\/delfoscba.com.ar\/dev\/wp-json\/wp\/v2\/posts"}],"about":[{"href":"https:\/\/delfoscba.com.ar\/dev\/wp-json\/wp\/v2\/types\/post"}],"author":[{"embeddable":true,"href":"https:\/\/delfoscba.com.ar\/dev\/wp-json\/wp\/v2\/users\/1"}],"replies":[{"embeddable":true,"href":"https:\/\/delfoscba.com.ar\/dev\/wp-json\/wp\/v2\/comments?post=3518"}],"version-history":[{"count":0,"href":"https:\/\/delfoscba.com.ar\/dev\/wp-json\/wp\/v2\/posts\/3518\/revisions"}],"wp:attachment":[{"href":"https:\/\/delfoscba.com.ar\/dev\/wp-json\/wp\/v2\/media?parent=3518"}],"wp:term":[{"taxonomy":"category","embeddable":true,"href":"https:\/\/delfoscba.com.ar\/dev\/wp-json\/wp\/v2\/categories?post=3518"},{"taxonomy":"post_tag","embeddable":true,"href":"https:\/\/delfoscba.com.ar\/dev\/wp-json\/wp\/v2\/tags?post=3518"}],"curies":[{"name":"wp","href":"https:\/\/api.w.org\/{rel}","templated":true}]}}