{"id":3534,"date":"2017-05-18T12:23:43","date_gmt":"2017-05-18T12:23:43","guid":{"rendered":"https:\/\/delfosold.exportech.com.ar\/?p=3336"},"modified":"2021-04-13T13:25:33","modified_gmt":"2021-04-13T13:25:33","slug":"encuesta-el-46-de-los-cordobeses-cree-que-macri-no-podra-domar-la-inflacion","status":"publish","type":"post","link":"https:\/\/delfoscba.com.ar\/dev\/economia\/encuesta-el-46-de-los-cordobeses-cree-que-macri-no-podra-domar-la-inflacion\/","title":{"rendered":"Encuesta | El 46% de los cordobeses cree que Macri no podr\u00e1 domar la inflaci\u00f3n"},"content":{"rendered":"<p>&nbsp;<\/p>\n<p>El promedio de la suba esperada de precios para los pr\u00f3ximos 12 meses seg\u00fan los cordobeses es del 35%.<\/p>\n<p><a href=\"https:\/\/delfoscba.com.ar\/\/dev\/\/wp-content\/uploads\/2017\/05\/Inflacion-Anual-1.jpg\"><img fetchpriority=\"high\" decoding=\"async\" class=\"aligncenter wp-image-3337\" src=\"https:\/\/delfoscba.com.ar\/\/dev\/\/wp-content\/uploads\/2017\/05\/Inflacion-Anual-1-300x283.jpg\" alt=\"\" width=\"550\" height=\"519\" \/><\/a><\/p>\n<p>El \u00cdndice de Precios del Congreso interanual (32,3%) se encuentra muy cercano a lo que piensan los cordobeses con respecto al aumento de precios.<\/p>\n<p><a href=\"https:\/\/delfoscba.com.ar\/\/dev\/\/wp-content\/uploads\/2017\/05\/Inflacion-Anual-2.jpg\"><img decoding=\"async\" class=\"aligncenter wp-image-3338\" src=\"https:\/\/delfoscba.com.ar\/\/dev\/\/wp-content\/uploads\/2017\/05\/Inflacion-Anual-2-300x283.jpg\" alt=\"\" width=\"550\" height=\"519\" \/><\/a><\/p>\n<p>Panorama dif\u00edcil para el presidente en lo referente a domar la inflaci\u00f3n. El 46% de los cordobeses cree que no lo lograr\u00e1, el 41%\u00a0considera que s\u00ed podr\u00e1 contra uno de los principales indicadores cr\u00edticos de la econom\u00eda nacional, mientras el 13%\u00a0no tiene una opini\u00f3n formada al respecto.<\/p>\n<p><a href=\"http:\/\/www.cristiancaricaturas.com\/\"><img decoding=\"async\" class=\"aligncenter wp-image-3340\" src=\"https:\/\/delfoscba.com.ar\/\/dev\/\/wp-content\/uploads\/2017\/05\/Diseno-sin-titulo-13-300x300.jpg\" alt=\"\" width=\"550\" height=\"550\" \/><\/a><\/p>\n","protected":false},"excerpt":{"rendered":"<p>El \u00cdndice de Precios del Congreso interanual (32,3%) se encuentra muy cercano a lo que piensan los cordobeses con respecto al aumento de precios, que es 35%. <\/p>\n","protected":false},"author":1,"featured_media":10765,"comment_status":"open","ping_status":"open","sticky":false,"template":"","format":"standard","meta":{"_acf_changed":false,"footnotes":""},"categories":[2],"tags":[39,81,42,145],"class_list":["post-3534","post","type-post","status-publish","format-standard","has-post-thumbnail","hentry","category-economia","tag-argentina","tag-consumo","tag-economia","tag-inflacion","et-has-post-format-content","et_post_format-et-post-format-standard"],"acf":[],"_links":{"self":[{"href":"https:\/\/delfoscba.com.ar\/dev\/wp-json\/wp\/v2\/posts\/3534","targetHints":{"allow":["GET"]}}],"collection":[{"href":"https:\/\/delfoscba.com.ar\/dev\/wp-json\/wp\/v2\/posts"}],"about":[{"href":"https:\/\/delfoscba.com.ar\/dev\/wp-json\/wp\/v2\/types\/post"}],"author":[{"embeddable":true,"href":"https:\/\/delfoscba.com.ar\/dev\/wp-json\/wp\/v2\/users\/1"}],"replies":[{"embeddable":true,"href":"https:\/\/delfoscba.com.ar\/dev\/wp-json\/wp\/v2\/comments?post=3534"}],"version-history":[{"count":2,"href":"https:\/\/delfoscba.com.ar\/dev\/wp-json\/wp\/v2\/posts\/3534\/revisions"}],"predecessor-version":[{"id":10769,"href":"https:\/\/delfoscba.com.ar\/dev\/wp-json\/wp\/v2\/posts\/3534\/revisions\/10769"}],"wp:featuredmedia":[{"embeddable":true,"href":"https:\/\/delfoscba.com.ar\/dev\/wp-json\/wp\/v2\/media\/10765"}],"wp:attachment":[{"href":"https:\/\/delfoscba.com.ar\/dev\/wp-json\/wp\/v2\/media?parent=3534"}],"wp:term":[{"taxonomy":"category","embeddable":true,"href":"https:\/\/delfoscba.com.ar\/dev\/wp-json\/wp\/v2\/categories?post=3534"},{"taxonomy":"post_tag","embeddable":true,"href":"https:\/\/delfoscba.com.ar\/dev\/wp-json\/wp\/v2\/tags?post=3534"}],"curies":[{"name":"wp","href":"https:\/\/api.w.org\/{rel}","templated":true}]}}