{"id":3540,"date":"2017-06-01T11:15:38","date_gmt":"2017-06-01T14:15:38","guid":{"rendered":"https:\/\/delfosold.exportech.com.ar\/?p=3362"},"modified":"2017-06-01T11:15:38","modified_gmt":"2017-06-01T14:15:38","slug":"medicion-polarizada-versus-medicion-por-candidatos","status":"publish","type":"post","link":"https:\/\/delfoscba.com.ar\/dev\/notas-de-opinion\/medicion-polarizada-versus-medicion-por-candidatos\/","title":{"rendered":"Medici\u00f3n polarizada versus medici\u00f3n por candidatos"},"content":{"rendered":"<p>Por Norman Berra<\/p>\n<p>El calendario electoral de este a\u00f1o tiene los siguientes hitos:<\/p>\n<p>1) la presentaci\u00f3n de alianzas es el 14 de junio de 2017<\/p>\n<p>2) la de precandidatos (PASO), el 24 de junio<\/p>\n<p>3) las primarias abiertas, simult\u00e1neas y obligatorias , el 13 de agosto<\/p>\n<p>4) las elecciones generales (donde participan los candidatos que pasaron el filtro de las PASO), el 22 de octubre.<\/p>\n<p>Por lo tanto, hasta no conocerse los precandidatos, todas las encuestas preelectorales no pueden m\u00e1s que sondear escenarios hipot\u00e9ticos para tratar de diagnosticar y reducir la incertidumbre.<\/p>\n<p>En este marco, dentro de las encuestas que se han dado a conocer para el estrat\u00e9gico distrito de provincia de Buenos Aires (PBA) se pueden reconocer diversos enfoques en cuanto a la medici\u00f3n. Uno de esos enfoques son las mediciones que \u201cpolarizan\u201d al preguntar. Es el caso de la encuesta de Management &amp; Fit que, a principios de mayo, provoc\u00f3 un revuelo por mostrar a Cristina Fern\u00e1ndez al tope de la intenci\u00f3n de voto en la medici\u00f3n por candidatos individuales. En la medici\u00f3n polarizada, esa consultora hizo la siguiente pregunta: \u201cEste a\u00f1o se llevar\u00e1n a cabo las elecciones legislativas a nivel nacional. Si las mismas fueran hoy, cree Ud que que votar\u00eda por un partido opositor o acompa\u00f1ar\u00eda con su voto al gobierno nacional?\u00bb El resultado fue que 55,2% votar\u00eda por la oposici\u00f3n, 34,7% por el oficialismo y 10,1% dijo ns\/nc.<\/p>\n<p>Otro ejemplo de medici\u00f3n de este tipo fue el que dio a conocer mediados de mayo el Centro de Estudios de Opini\u00f3n P\u00fablica (CEOP), que conduce el soci\u00f3logo Roberto Bacman. A partir de una medici\u00f3n telef\u00f3nica sobre una muestra de 1.500 personas en todo el territorio bonaerense (respetando las proporciones entre el conurbano y el interior, tambi\u00e9n las proporciones por edad, sexo y nivel econ\u00f3mico-social), esta encuesta arroj\u00f3 una tendencia similar a la de M&amp;F para el oficialismo (34,2%) y m\u00e1s baja para la oposici\u00f3n (43,8% en lugar de 55,2%), dado que detect\u00f3 un nivel m\u00e1s alto de indecisos: 22% en lugar de 10,1%.<\/p>\n<p><a href=\"https:\/\/delfosold.exportech.com.ar\/wp-content\/uploads\/2017\/06\/CEOP-PBA-MAYO-OPOSITOR-VS-OFICIALISTA.jpg\"><img fetchpriority=\"high\" decoding=\"async\" class=\"aligncenter wp-image-3364\" src=\"https:\/\/delfosold.exportech.com.ar\/wp-content\/uploads\/2017\/06\/CEOP-PBA-MAYO-OPOSITOR-VS-OFICIALISTA-300x194.jpg\" alt=\"\" width=\"550\" height=\"356\" \/><\/a><\/p>\n<p>Si hacemos un promedio de ambas mediciones, obtenemos que el voto oficialista alcanza el 34,5% y el opositor 49,5%, con 16,1% de indecisos. En principio, este es un panorama favorable a Cambiemos, dado que con 34,5% del voto podr\u00eda configurarse como primera minor\u00eda en provincia de Buenos Aires. Sin embargo, como vimos, se trata de un resultado obtenido por v\u00eda de una medici\u00f3n polarizada, donde el encuestado tiene s\u00f3lo dos alternativas de respuesta: oficialismo versus oposici\u00f3n. En cambio, cuando el elector concurre al cuarto oscuro, se encuentra con una variedad de boletas donde hay diversos candidatos que expresan posiciones con matices, y puede que el votante no identifique un\u00edvocamente a esos candidatos con una posici\u00f3n \u201cpolarizada\u201d tan n\u00edtida como oficialista versus opositor.<\/p>\n<p>De ah\u00ed que la medici\u00f3n por candidato pueda discrepar notablemente en su resultado respecto a la medici\u00f3n polarizada. Eso surge claramente en la misma encuesta de M&amp;F que citamos antes; cuando se indaga por candidatos (en rigor, por los principales precandidatos), la situaci\u00f3n cambia dr\u00e1sticamente. En un escenario hipot\u00e9tico en el que compitieran Cristina Fern\u00e1ndez, Sergio Massa y Esteban Bullrich, Cambiemos no s\u00f3lo pierde su condici\u00f3n de primera minor\u00eda sino que queda relegada al tercer lugar medida a trav\u00e9s de su candidato: CFK llega al 35,3% de intenci\u00f3n de voto, el l\u00edder del Frente Renovador llega al 34,6% y el ministro de Educaci\u00f3n Bullrich, quien ser\u00eda el postulante oficialista, al 19,5%.<\/p>\n<p><a href=\"https:\/\/delfosold.exportech.com.ar\/wp-content\/uploads\/2017\/06\/MF-PBA-CANDIDATOS-MAYO.jpg\"><img decoding=\"async\" class=\"aligncenter wp-image-3363\" src=\"https:\/\/delfosold.exportech.com.ar\/wp-content\/uploads\/2017\/06\/MF-PBA-CANDIDATOS-MAYO-300x162.jpg\" alt=\"\" width=\"550\" height=\"297\" \/><\/a><\/p>\n<p>La diferencia entre CFK y Massa en PBA es estad\u00edsticamente no significativa, lo que implica un empate t\u00e9cnico; pero la situaci\u00f3n del oficialismo cambia sensiblemente, ya que pasa de un 34,5% en la medici\u00f3n polarizada a rondar el 20%, lo que implica que podr\u00eda perder la elecci\u00f3n en el distrito m\u00e1s gravitante del pa\u00eds.<\/p>\n<p>&nbsp;<\/p>\n<p>Fuente: <a href=\"http:\/\/climadeopinion.blogspot.com.ar\/2017\/05\/descifrando-el-enigma-pba-medicion.html\">Clima de Opini\u00f3n<\/a><\/p>\n","protected":false},"excerpt":{"rendered":"<p>Por Norman Berra El calendario electoral de este a\u00f1o tiene los siguientes hitos: 1) la presentaci\u00f3n de alianzas es el 14 de junio de 2017 2) la de precandidatos (PASO), el 24 de junio 3) las primarias abiertas, simult\u00e1neas y obligatorias , el 13 de agosto 4) las elecciones generales (donde participan los candidatos que [&hellip;]<\/p>\n","protected":false},"author":1,"featured_media":0,"comment_status":"open","ping_status":"open","sticky":false,"template":"","format":"standard","meta":{"_acf_changed":false,"footnotes":""},"categories":[6],"tags":[220,39,239,38,128,97,240],"class_list":["post-3540","post","type-post","status-publish","format-standard","hentry","category-notas-de-opinion","tag-220","tag-argentina","tag-candidatos","tag-cordoba","tag-delfos","tag-elecciones","tag-legislativas","et-doesnt-have-format-content","et_post_format-et-post-format-standard"],"acf":[],"_links":{"self":[{"href":"https:\/\/delfoscba.com.ar\/dev\/wp-json\/wp\/v2\/posts\/3540","targetHints":{"allow":["GET"]}}],"collection":[{"href":"https:\/\/delfoscba.com.ar\/dev\/wp-json\/wp\/v2\/posts"}],"about":[{"href":"https:\/\/delfoscba.com.ar\/dev\/wp-json\/wp\/v2\/types\/post"}],"author":[{"embeddable":true,"href":"https:\/\/delfoscba.com.ar\/dev\/wp-json\/wp\/v2\/users\/1"}],"replies":[{"embeddable":true,"href":"https:\/\/delfoscba.com.ar\/dev\/wp-json\/wp\/v2\/comments?post=3540"}],"version-history":[{"count":0,"href":"https:\/\/delfoscba.com.ar\/dev\/wp-json\/wp\/v2\/posts\/3540\/revisions"}],"wp:attachment":[{"href":"https:\/\/delfoscba.com.ar\/dev\/wp-json\/wp\/v2\/media?parent=3540"}],"wp:term":[{"taxonomy":"category","embeddable":true,"href":"https:\/\/delfoscba.com.ar\/dev\/wp-json\/wp\/v2\/categories?post=3540"},{"taxonomy":"post_tag","embeddable":true,"href":"https:\/\/delfoscba.com.ar\/dev\/wp-json\/wp\/v2\/tags?post=3540"}],"curies":[{"name":"wp","href":"https:\/\/api.w.org\/{rel}","templated":true}]}}