{"id":3557,"date":"2017-07-27T12:12:39","date_gmt":"2017-07-27T15:12:39","guid":{"rendered":"https:\/\/delfosold.exportech.com.ar\/?p=3498"},"modified":"2017-07-27T12:12:39","modified_gmt":"2017-07-27T15:12:39","slug":"paso-en-pba-convergencia-de-mediciones-y-matices","status":"publish","type":"post","link":"https:\/\/delfoscba.com.ar\/dev\/notas-de-opinion\/paso-en-pba-convergencia-de-mediciones-y-matices\/","title":{"rendered":"PASO en PBA: convergencia de mediciones y matices"},"content":{"rendered":"<p>Por Norman Berra<\/p>\n<p>De todos modos, hay que decir que la mayor\u00eda de las mediciones de intenci\u00f3n de voto de cara a las PASO en la provincia de Buenos Aires (PBA) no convergen hacia el escenario 4 (en el cual CFK lidera y el segundo puesto es disputado entre Sergio Massa y Esteban Bullrich) ni en el quinto (que ubica al candidato de Cambiemos tercero, por detr\u00e1s de CFK y Massa). En general, lo que se observa en las diversas encuestas es una primac\u00eda de CFK, a veces con una diferencia estad\u00edsticamente significativa sobre Cambiemos y otras en situaci\u00f3n de empate t\u00e9cnico. Gran parte de las dudas sobre cu\u00e1l es hoy la situaci\u00f3n m\u00e1s representativa de la intenci\u00f3n de voto de los bonaerenses es que las cifras suelen variar cuando se miden los candidatos \u201cmano a mano\u201d (dado que las figuras de Cristina Fern\u00e1ndez y Sergio Massa son m\u00e1s fuertes que la de Bullrich) respecto a la situaci\u00f3n en la cual se miden espacios pol\u00edticos, ya que la asociaci\u00f3n entre CFK y el Frente de Unidad Ciudadana y la alianza Cambiemos con Macri y la gobernadora bonaerense Mar\u00eda Eugenia Vidal son m\u00e1s claras que el v\u00ednculo entre el sello 1Pa\u00eds y las figuras de Massa y Margarita Stolbizer.<\/p>\n<p>En general, en este segundo caso, se observan dos tipos de matices en los datos: 1) aquellos en los cuales el panorama queda en un empate t\u00e9cnico y el candidato de Cambiemos y 2) aquellos en los que la brecha a favor de CFK se mantiene por encima del error muestral, pero no es tan abultada. Por ejemplo, la \u00faltima medici\u00f3n del CEOP ilustra esta doble situaci\u00f3n. Realizada sobre una muestra de 2.000 casos tanto en el Gran Buenos Aires (GBA) como en el interior provincial y segmentada proporcionalmente por edad, sexo y nivel socioecon\u00f3mico, la encuesta arroja que CFK aventaja a Bullrich por casi 4 puntos porcentuales (33,5% a 29,8%, una brecha estad\u00edsticamente no significativa) cuando al ministro de Educaci\u00f3n se lo presenta como candidato del oficialismo nacional. Es decir, lo que se ve es un escenario del tipo 1, con una brecha a favor de CFK pero reducida, al punto que perfila un empate t\u00e9cnico. En cambio, si no se hace hincapi\u00e9 en su asociaci\u00f3n con el oficialismo, Bullrich no llega al 27% y queda m\u00e1s lejos de Cristina, quien obtiene una ventaja en torno a los 7 puntos porcentuales, estad\u00edsticamente significativa aunque menor a los dos d\u00edgitos que ve\u00edamos en algunos estudios anteriores.<\/p>\n<p><img fetchpriority=\"high\" decoding=\"async\" class=\"aligncenter wp-image-3499\" src=\"https:\/\/delfosold.exportech.com.ar\/wp-content\/uploads\/2017\/07\/post-2707-150x150.jpg\" alt=\"\" width=\"500\" height=\"281\" \/><\/p>\n<p>En tercer lugar, rezagado, se ubica Sergio Massa (18,8%), aunque manteniendo un segmento importante del electorado. M\u00e1s lejos le sigue Florencio Randazzo (4,7%), quien a tenor de estos datos quedar\u00eda en situaci\u00f3n desfavorable de cara a la pelea por el liderazgo en el espacio pan-peronista (y en situaci\u00f3n de empate t\u00e9cnico con la izquierda liderada por N\u00e9stor Pitrola). Algunos datos clave que arroja el informe de CEOP apuntan que casi todos los candidatos empiezan a tener techos bajos (no s\u00f3lo CFK), porque hay trazos gruesos en buena parte de la poblaci\u00f3n. En ese marco, haciendo foco en las dos principales fuerzas, 7 de cada 10 bonaerenses dicen que la econom\u00eda est\u00e1 mal o muy mal, lo que plantea un techo para cualquier candidato de Cambiemos, mientras que la mitad de los ciudadanos cree que el kirchnerismo es \u201cuna vieja forma de hacer pol\u00edtica\u201d, lo cual establece un techo para la fuerza de CFK, Unidad Ciudadana. En ese marco, se puede conjeturar que mientras el eje econ\u00f3mico (enfocar el contraste entre el presente y el pasado haciendo hincapi\u00e9 en el malestar socioecon\u00f3mico actual) es el principal fuerte de CFK, mientras que el eje pol\u00edtico (enfocar el contraste entre el presente y el pasado haciendo hincapi\u00e9 en la superaci\u00f3n del \u201cpopulismo\u201d) estructura el discurso del oficialismo.<\/p>\n<p><img decoding=\"async\" class=\"aligncenter wp-image-3500\" src=\"https:\/\/delfosold.exportech.com.ar\/wp-content\/uploads\/2017\/07\/post2707-150x150.jpg\" alt=\"\" width=\"500\" height=\"282\" \/><\/p>\n<p>Seg\u00fan Roberto Bacman, titular del CEOP, la ex presidenta \u201cse ha convertido en la principal referente del segmento opositor: en esta encuesta se detect\u00f3 que la imagen positiva de CFK asciende al 88,6% entre los que se consideran opositores y el 69,1% de tales opositores ya tiene decidido votarla\u201d. As\u00ed, el consultor considera que CFK todav\u00eda tiene espacio para crecer, ya que opinan bien de ella algo m\u00e1s del 42% de los electores bonaerenses: si se toma la frase \u201ca Cristina se la ama o se la odia\u201d, la ex presidenta todav\u00eda tiene un tramo para avanzar entre los que la quieren. Respecto al candidato de Cambiemos, Bullrich a\u00fan tiene un desconocimiento del 17% e incluso entre quienes lo conocen no tiene un perfil claro, pero cuenta con espacio para crecer, dado que hasta ahora dicen que lo votar\u00edan ocho de cada 10 electores afines al oficialismo. Seg\u00fan el consultor, \u201cest\u00e1 claro que si quieren potenciar a Bullrich van a necesitar de Mar\u00eda Eugenia Vidal y de Mauricio Macri como sost\u00e9n de la campa\u00f1a. Desde el punto de vista ideol\u00f3gico, el 95,7% lo vota en tanto representa la mejor manera de erradicar la corrupci\u00f3n y las pr\u00e1cticas de la vieja pol\u00edtica, y como refuerzo, curiosamente, un 54,8% no reconoce la crisis econ\u00f3mica, y por el contrario, la perciben como positiva\u201d.<\/p>\n<p>Fuente: <a href=\"http:\/\/climadeopinion.blogspot.com.ar\/2017\/07\/paso-en-pba-convergencia-de-mediciones.html\">Clima de Opini\u00f3n<\/a><\/p>\n","protected":false},"excerpt":{"rendered":"<p>Por Norman Berra De todos modos, hay que decir que la mayor\u00eda de las mediciones de intenci\u00f3n de voto de cara a las PASO en la provincia de Buenos Aires (PBA) no convergen hacia el escenario 4 (en el cual CFK lidera y el segundo puesto es disputado entre Sergio Massa y Esteban Bullrich) ni [&hellip;]<\/p>\n","protected":false},"author":1,"featured_media":0,"comment_status":"open","ping_status":"open","sticky":false,"template":"","format":"standard","meta":{"_acf_changed":false,"footnotes":""},"categories":[6],"tags":[220,39,40,38,128,97,41,140,56],"class_list":["post-3557","post","type-post","status-publish","format-standard","hentry","category-notas-de-opinion","tag-220","tag-argentina","tag-consultora","tag-cordoba","tag-delfos","tag-elecciones","tag-encuesta","tag-macri","tag-politica","et-doesnt-have-format-content","et_post_format-et-post-format-standard"],"acf":[],"_links":{"self":[{"href":"https:\/\/delfoscba.com.ar\/dev\/wp-json\/wp\/v2\/posts\/3557","targetHints":{"allow":["GET"]}}],"collection":[{"href":"https:\/\/delfoscba.com.ar\/dev\/wp-json\/wp\/v2\/posts"}],"about":[{"href":"https:\/\/delfoscba.com.ar\/dev\/wp-json\/wp\/v2\/types\/post"}],"author":[{"embeddable":true,"href":"https:\/\/delfoscba.com.ar\/dev\/wp-json\/wp\/v2\/users\/1"}],"replies":[{"embeddable":true,"href":"https:\/\/delfoscba.com.ar\/dev\/wp-json\/wp\/v2\/comments?post=3557"}],"version-history":[{"count":0,"href":"https:\/\/delfoscba.com.ar\/dev\/wp-json\/wp\/v2\/posts\/3557\/revisions"}],"wp:attachment":[{"href":"https:\/\/delfoscba.com.ar\/dev\/wp-json\/wp\/v2\/media?parent=3557"}],"wp:term":[{"taxonomy":"category","embeddable":true,"href":"https:\/\/delfoscba.com.ar\/dev\/wp-json\/wp\/v2\/categories?post=3557"},{"taxonomy":"post_tag","embeddable":true,"href":"https:\/\/delfoscba.com.ar\/dev\/wp-json\/wp\/v2\/tags?post=3557"}],"curies":[{"name":"wp","href":"https:\/\/api.w.org\/{rel}","templated":true}]}}