{"id":3558,"date":"2017-07-28T14:18:04","date_gmt":"2017-07-28T17:18:04","guid":{"rendered":"https:\/\/delfosold.exportech.com.ar\/?p=3503"},"modified":"2017-07-28T14:18:04","modified_gmt":"2017-07-28T17:18:04","slug":"encuesta-el-58-de-los-cordobeses-tiene-emociones-negativas-en-relacion-a-la-situacion-del-pais","status":"publish","type":"post","link":"https:\/\/delfoscba.com.ar\/dev\/sociedad\/encuesta-el-58-de-los-cordobeses-tiene-emociones-negativas-en-relacion-a-la-situacion-del-pais\/","title":{"rendered":"Encuesta | 6 de cada 10 cordobeses con emociones negativas"},"content":{"rendered":"<h3>Estado de \u00e1nimo de los cordobeses<\/h3>\n<p>Realizamos la misma pregunta, \u00bfcu\u00e1l de las siguientes sensaciones o emociones representa mejor su estado de \u00e1nimo respecto de la situaci\u00f3n del pa\u00eds? en los meses de marzo de 2016 y en junio de 2017, y los resultados son el reflejo de la lenta recuperaci\u00f3n de la econom\u00eda.<br \/>\nEl 58% de los cordobeses tiene sensaciones negativas en relaci\u00f3n a la situaci\u00f3n del pa\u00eds, mientras que s\u00f3lo el 29% se siente positivo. Los indiferentes llegan al 5%, los que tienen otro tipo de sensaciones al 4% y los que no saben\/no contestan al 4%.<\/p>\n<p><img fetchpriority=\"high\" decoding=\"async\" class=\"aligncenter wp-image-3505\" src=\"https:\/\/delfosold.exportech.com.ar\/wp-content\/uploads\/2017\/07\/Diapositiva1-150x150.jpg\" alt=\"\" width=\"500\" height=\"281\" \/><\/p>\n<h3>En el \u00faltimo a\u00f1o la negatividad est\u00e1 en crecimiento<\/h3>\n<p>Los \u00faltimos quince meses de la gesti\u00f3n de Mauricio Macri generaron que las emociones positivas cayeran 21 puntos, mientras que en el mismo per\u00edodo las negativas crecieron 23 puntos.<\/p>\n<p><img decoding=\"async\" class=\"aligncenter wp-image-3506\" src=\"https:\/\/delfosold.exportech.com.ar\/wp-content\/uploads\/2017\/07\/Diapositiva2-150x150.jpg\" alt=\"\" width=\"500\" height=\"281\" \/><\/p>\n<h3>\u00bfQu\u00e9 est\u00e1n sintiendo los cordobeses?<\/h3>\n<p>Bronca, desilusi\u00f3n y angustia son los adjetivos que conforman la percepci\u00f3n negativa de la situaci\u00f3n del pa\u00eds.<\/p>\n<p>Esperanza, optimismo y confianza son las palabras que surgen de quienes se sientes positivos en C\u00f3rdoba.<\/p>\n<p><img decoding=\"async\" class=\"aligncenter wp-image-3507\" src=\"https:\/\/delfosold.exportech.com.ar\/wp-content\/uploads\/2017\/07\/Diapositiva3-150x150.jpg\" alt=\"\" width=\"500\" height=\"281\" \/><\/p>\n<p><img loading=\"lazy\" decoding=\"async\" class=\"aligncenter wp-image-3508\" src=\"https:\/\/delfosold.exportech.com.ar\/wp-content\/uploads\/2017\/07\/Diapositiva4-150x150.jpg\" alt=\"\" width=\"500\" height=\"281\" \/><\/p>\n","protected":false},"excerpt":{"rendered":"<p>Algunos datos estad\u00edsticos sobre t\u00f3picos de actualidad, en este caso el tema abordado tiene que ver con el estado de \u00e1nimo de los cordobeses en relaci\u00f3n a la situaci\u00f3n del pa\u00eds.<\/p>\n","protected":false},"author":1,"featured_media":0,"comment_status":"open","ping_status":"open","sticky":false,"template":"","format":"standard","meta":{"_acf_changed":false,"footnotes":""},"categories":[4],"tags":[220,39,38,37,42,41,166,140],"class_list":["post-3558","post","type-post","status-publish","format-standard","hentry","category-sociedad","tag-220","tag-argentina","tag-cordoba","tag-cordobeses","tag-economia","tag-encuesta","tag-estado-de-animo","tag-macri","et-doesnt-have-format-content","et_post_format-et-post-format-standard"],"acf":[],"_links":{"self":[{"href":"https:\/\/delfoscba.com.ar\/dev\/wp-json\/wp\/v2\/posts\/3558","targetHints":{"allow":["GET"]}}],"collection":[{"href":"https:\/\/delfoscba.com.ar\/dev\/wp-json\/wp\/v2\/posts"}],"about":[{"href":"https:\/\/delfoscba.com.ar\/dev\/wp-json\/wp\/v2\/types\/post"}],"author":[{"embeddable":true,"href":"https:\/\/delfoscba.com.ar\/dev\/wp-json\/wp\/v2\/users\/1"}],"replies":[{"embeddable":true,"href":"https:\/\/delfoscba.com.ar\/dev\/wp-json\/wp\/v2\/comments?post=3558"}],"version-history":[{"count":0,"href":"https:\/\/delfoscba.com.ar\/dev\/wp-json\/wp\/v2\/posts\/3558\/revisions"}],"wp:attachment":[{"href":"https:\/\/delfoscba.com.ar\/dev\/wp-json\/wp\/v2\/media?parent=3558"}],"wp:term":[{"taxonomy":"category","embeddable":true,"href":"https:\/\/delfoscba.com.ar\/dev\/wp-json\/wp\/v2\/categories?post=3558"},{"taxonomy":"post_tag","embeddable":true,"href":"https:\/\/delfoscba.com.ar\/dev\/wp-json\/wp\/v2\/tags?post=3558"}],"curies":[{"name":"wp","href":"https:\/\/api.w.org\/{rel}","templated":true}]}}