{"id":3571,"date":"2017-08-11T16:37:58","date_gmt":"2017-08-11T19:37:58","guid":{"rendered":"https:\/\/delfosold.exportech.com.ar\/?p=3555"},"modified":"2017-08-11T16:37:58","modified_gmt":"2017-08-11T19:37:58","slug":"encuesta-2","status":"publish","type":"post","link":"https:\/\/delfoscba.com.ar\/dev\/sociedad\/encuesta-2\/","title":{"rendered":"Encuesta | Los hijos y el trabajo grandes dilemas de las mujeres profesionales"},"content":{"rendered":"<h3>Madres solteras<\/h3>\n<p>En la provincia de C\u00f3rdoba hay m\u00e1s de 158 mil madres solteras (158.637, teniendo en cuenta el padr\u00f3n electoral).<\/p>\n<p><img fetchpriority=\"high\" decoding=\"async\" class=\"aligncenter wp-image-3559\" src=\"https:\/\/delfosold.exportech.com.ar\/wp-content\/uploads\/2017\/08\/Diapositiva1-1-300x169.jpg\" alt=\"\" width=\"450\" height=\"253\" \/><\/p>\n<p>M\u00e1s de la mitad de estas mujeres tienen un nivel de estudio alcanzado bajo, y se presentan m{as en el interior que en capital.<\/p>\n<p><img decoding=\"async\" class=\"aligncenter wp-image-3560\" src=\"https:\/\/delfosold.exportech.com.ar\/wp-content\/uploads\/2017\/08\/Diapositiva2-1-300x169.jpg\" alt=\"\" width=\"450\" height=\"253\" \/><\/p>\n<p>Casi el 60% de las madres solteras se ubican en un nivel socio econ\u00f3mico medio y el 87% tiene menos de 50 a\u00f1os.<\/p>\n<p><img decoding=\"async\" class=\"aligncenter wp-image-3561\" src=\"https:\/\/delfosold.exportech.com.ar\/wp-content\/uploads\/2017\/08\/Diapositiva3-1-300x169.jpg\" alt=\"\" width=\"450\" height=\"253\" \/><\/p>\n<p>19.036 mujeres son madres solteras desocupadas, representan el 12% de las 158 mil a nivel provincial. Se completa el perfil de las madres solteras con un 26% de amas de casa, 12% empleadas de comercio, y las que desempe\u00f1an oficios independientes otro 12%. Siempre teniendo en cuenta que en el total de la poblaci\u00f3n de C\u00f3rdoba las madres solteras representan el 5,7%.<\/p>\n<p><img loading=\"lazy\" decoding=\"async\" class=\"aligncenter wp-image-3562\" src=\"https:\/\/delfosold.exportech.com.ar\/wp-content\/uploads\/2017\/08\/Diapositiva4-300x169.jpg\" alt=\"\" width=\"450\" height=\"253\" \/><\/p>\n<h3>Los hijos y el trabajo<\/h3>\n<p>El 39% de los cordobeses cree que las principales dificultades de las mujeres a la hora de conseguir empleo no son las aptitudes personales, sino que se asocian al hogar y a la crianza de los hijos.<\/p>\n<p><img loading=\"lazy\" decoding=\"async\" class=\"aligncenter wp-image-3556\" src=\"https:\/\/delfosold.exportech.com.ar\/wp-content\/uploads\/2017\/08\/Diapositiva1-300x169.jpg\" alt=\"\" width=\"450\" height=\"253\" \/><\/p>\n<p>De las cuatro primeras dificultades que tienen las mujeres a la hora de integrarse al mundo del trabajo tres est\u00e1n vinculadas al cuidado, atenci\u00f3n y crianza de los hijos.<\/p>\n<p><img loading=\"lazy\" decoding=\"async\" class=\"aligncenter wp-image-3557\" src=\"https:\/\/delfosold.exportech.com.ar\/wp-content\/uploads\/2017\/08\/Diapositiva2-300x169.jpg\" alt=\"\" width=\"450\" height=\"253\" \/><\/p>\n<p>Las tareas del hogar y atenci\u00f3n de los hijos est\u00e1n m\u00e1s invisibilizadas en los hombres: un 9% cree que las mujeres tienen las mismas dificultades que ellos.<\/p>\n<p><img loading=\"lazy\" decoding=\"async\" class=\"aligncenter wp-image-3558\" src=\"https:\/\/delfosold.exportech.com.ar\/wp-content\/uploads\/2017\/08\/Diapositiva3-300x169.jpg\" alt=\"\" width=\"450\" height=\"253\" \/><\/p>\n<p>&nbsp;<\/p>\n","protected":false},"excerpt":{"rendered":"<p>El 39% de los cordobeses cree que las principales dificultades de las mujeres a la hora de conseguir empleo no son las aptitudes personales, sino que se asocian al hogar y a la crianza de los hijos.<\/p>\n","protected":false},"author":1,"featured_media":0,"comment_status":"open","ping_status":"open","sticky":false,"template":"","format":"standard","meta":{"_acf_changed":false,"footnotes":""},"categories":[4],"tags":[39,38,261,41,251,262,263,112],"class_list":["post-3571","post","type-post","status-publish","format-standard","hentry","category-sociedad","tag-argentina","tag-cordoba","tag-desocupadas","tag-encuesta","tag-hijos","tag-madre-soltera","tag-madres","tag-trabajo","et-doesnt-have-format-content","et_post_format-et-post-format-standard"],"acf":[],"_links":{"self":[{"href":"https:\/\/delfoscba.com.ar\/dev\/wp-json\/wp\/v2\/posts\/3571","targetHints":{"allow":["GET"]}}],"collection":[{"href":"https:\/\/delfoscba.com.ar\/dev\/wp-json\/wp\/v2\/posts"}],"about":[{"href":"https:\/\/delfoscba.com.ar\/dev\/wp-json\/wp\/v2\/types\/post"}],"author":[{"embeddable":true,"href":"https:\/\/delfoscba.com.ar\/dev\/wp-json\/wp\/v2\/users\/1"}],"replies":[{"embeddable":true,"href":"https:\/\/delfoscba.com.ar\/dev\/wp-json\/wp\/v2\/comments?post=3571"}],"version-history":[{"count":0,"href":"https:\/\/delfoscba.com.ar\/dev\/wp-json\/wp\/v2\/posts\/3571\/revisions"}],"wp:attachment":[{"href":"https:\/\/delfoscba.com.ar\/dev\/wp-json\/wp\/v2\/media?parent=3571"}],"wp:term":[{"taxonomy":"category","embeddable":true,"href":"https:\/\/delfoscba.com.ar\/dev\/wp-json\/wp\/v2\/categories?post=3571"},{"taxonomy":"post_tag","embeddable":true,"href":"https:\/\/delfoscba.com.ar\/dev\/wp-json\/wp\/v2\/tags?post=3571"}],"curies":[{"name":"wp","href":"https:\/\/api.w.org\/{rel}","templated":true}]}}