{"id":3614,"date":"2017-09-07T11:33:04","date_gmt":"2017-09-07T14:33:04","guid":{"rendered":"https:\/\/delfosold.exportech.com.ar\/?p=3614"},"modified":"2017-09-07T11:33:04","modified_gmt":"2017-09-07T14:33:04","slug":"pos-paso-del-22-n-al-22-o","status":"publish","type":"post","link":"https:\/\/delfoscba.com.ar\/dev\/notas-de-opinion\/pos-paso-del-22-n-al-22-o\/","title":{"rendered":"Pos-PASO: del 22-N al 22-O"},"content":{"rendered":"<p>Por Norman Berra<\/p>\n<p>En la entrada anterior insist\u00edamos en que el resultado de las PASO era mucho m\u00e1s fragmentario de lo aparente, pese a que hubo un efecto polarizaci\u00f3n que reforz\u00f3 a las dos identidades pol\u00edticas m\u00e1s n\u00edtidas (Cambiemos vs kirchnerismo) en detrimento de las dem\u00e1s posiciones. Plante\u00e1bamos asimismo que exist\u00eda un solo c\u00e1lculo posible a hacer para forzar una polarizaci\u00f3n n\u00edtida: contraponer a los votos de Cambiemos una sumatoria de los votos del FPV (reciclado en FUC) y los del PJ, que nos dar\u00eda una m\u00ednima diferencia a favor del oficialismo. As\u00ed, tom\u00e1bamos una estimaci\u00f3n realizada sobre el escrutinio provisorio que arrojaba 8.352.869 votos para el frente Cambiemos y 8.088.960 para el espacio pan-justicialista, lo que porcentualmente implica 50,8% para el oficialismo y 49,1% para el FPJ\/FUC-PJ. Como puede advertirse, es una distribuci\u00f3n bastante similar a la del ballotage presidencial de 22 de noviembre de 2015, que arroj\u00f3 51,34% para Mauricio Macri y 48,66% para Daniel Scioli.<\/p>\n<p>Por supuesto, esta lectura resulta forzada en la medida en que hoy el espacio pan-justicialista se encuentra dividido en tres (sin contar al massismo). Por un lado, el Frente de Unidad Ciudadana\/FPV, que es la segunda minor\u00eda electoral a nivel nacional y, al igual que Cambiemos con Macri, posee un liderazgo claro: el de la ex presidenta Cristina Fern\u00e1ndez de Kirchner, referente de un espacio que cuenta con 5.851.013 votos en todo el pa\u00eds. Por otro, existe una vertiente \u201cfilo K\u201d o cercana al kirchnerismo (es decir, donde el FPV integra las alianzas electorales que lidera el justicialismo o est\u00e1 cercano a su conducci\u00f3n), como sucede en Catamarca, Chaco, Corrientes, Entre R\u00edos, Jujuy y Mendoza. Este conjunto sum\u00f3 1.332.571 votos, pero no tiene un liderazgo unificado, ni siquiera un \u201cprimus inter pares\u201d. Por volumen y antecedentes pol\u00edticos, dos figuras que podr\u00edan ser consideradas como referentes claros de esta vertiente son Jorge Capitanich (ex gobernador del Chaco, ex jefe de gabinete de CFK y ahora intendente de Resistencia) y Luc\u00eda Corpacci, gobernadora reelecta en Catamarca, que est\u00e1n adem\u00e1s dentro de los frentes ganadores en las PASO; en cambio, en Entre R\u00edos, Jujuy y Mendoza se impuso Cambiemos, lo que le resta chances a los dirigentes de esos distritos para pelear por el liderazgo de esta vertiente.<\/p>\n<p><img fetchpriority=\"high\" decoding=\"async\" class=\"aligncenter wp-image-3616\" src=\"https:\/\/delfosold.exportech.com.ar\/wp-content\/uploads\/2017\/09\/post0709.jpg\" alt=\"\" width=\"550\" height=\"309\" \/><\/p>\n<p>Por otro lado, est\u00e1 la vertiente justicialista no K, donde sus referentes compiten o disputan con el kirchnerismo, o bien prefieren una renovaci\u00f3n antes que reconocer el liderazgo de CFK. En esta corriente est\u00e1n Cumplir (de Florencio Randazzo) en PBA, UPC de C\u00f3rdoba, el oficialismo pampeano, el de La Rioja, el de Salta y el de Tucum\u00e1n. Este conjunto sum\u00f3 1.977.886 votos en todo el pa\u00eds, pero aqu\u00ed tampoco hay un liderazgo reconocido ni un \u201cprimus inter pares\u201d. Por volumen y antecedentes pol\u00edticos, la figura que podr\u00eda ser considerada una referencia de este espacio es el reelecto gobernador de Salta, Juan Urtubey, uno de los ganadores de las PASO y declarado aspirante a la presidencia. El tucumano Juan Manzur (otro gobernador PJ cuya lista le gan\u00f3 a Cambiemos en su distrito) fue ministro de CFK, pero hoy aparece m\u00e1s cerca de Sergio Massa que de competir por un liderazgo nacional. En el caso de La Rioja, la figura m\u00e1s visible a nivel nacional es la del ex presidente Carlos Menem, quien sigue siendo vencedor en su distrito pero ya est\u00e1 desgastado y sin chances de disputar un liderazgo nacional. Por cantidad de votos, las dos referencias m\u00e1s fuertes de este espacio son Cumplir (559.516 votos en PBA) y UPC (546.197), pero ambos fueron derrotados; Randazzo se ubic\u00f3 cuarto en PBA, mientras que UPC qued\u00f3 casi 16 puntos detr\u00e1s del frente Cambiemos en C\u00f3rdoba, al igual que la lista del gobernador de La Pampa. Esas derrotas le restan chances de pelear por el liderazgo de este espacio.<\/p>\n<p>As\u00ed, el dilema del espacio pan-justicialista es la falta de un liderazgo unificador como el que s\u00ed tiene el oficialismo. Tal como anticipamos aqu\u00ed, el escrutinio definitivo en PBA confirm\u00f3 la victoria de CFK sobre Cambiemos por 20.324 votos, un 0,21%, lo que tambi\u00e9n hizo realidad nuestro pron\u00f3stico acerca del discurso oficialista, casi un calco del \u201cperdimos por poquito\u00bb de N\u00e9stor Kirchner en 2009. Eso la transforma en la dirigente del espacio con m\u00e1s votos en todo el pa\u00eds, con s\u00f3lo contabilizar los de PBA: 3.229.194. Ese caudal y la contundente diferencia que obtuvo sobre su desairado aspirante a contrincante interno (Randazzo) obturan las aspiraciones de renovaci\u00f3n de sus competidores y detractores. \u201c\u00bfQu\u00e9 triunfo, en cualquier provincia, vale m\u00e1s en votos que, incluso, una derrota apretada (de CFK) en octubre?, razonan cerca de ella\u201d, plante\u00f3 acertadamente el columnista Marcelo Falak.<\/p>\n<p>Fuente: <a href=\"http:\/\/climadeopinion.blogspot.com.ar\/2017\/09\/pos-paso-del-22-n-al-22-o.html\">Clima de Opini\u00f3n<\/a><\/p>\n","protected":false},"excerpt":{"rendered":"<p>Por Norman Berra En la entrada anterior insist\u00edamos en que el resultado de las PASO era mucho m\u00e1s fragmentario de lo aparente, pese a que hubo un efecto polarizaci\u00f3n que reforz\u00f3 a las dos identidades pol\u00edticas m\u00e1s n\u00edtidas (Cambiemos vs kirchnerismo) en detrimento de las dem\u00e1s posiciones. Plante\u00e1bamos asimismo que exist\u00eda un solo c\u00e1lculo posible [&hellip;]<\/p>\n","protected":false},"author":1,"featured_media":0,"comment_status":"open","ping_status":"open","sticky":false,"template":"","format":"standard","meta":{"_acf_changed":false,"footnotes":""},"categories":[6],"tags":[267,38,264,128,97,240],"class_list":["post-3614","post","type-post","status-publish","format-standard","hentry","category-notas-de-opinion","tag-cambiemos","tag-cordoba","tag-cristina","tag-delfos","tag-elecciones","tag-legislativas","et-doesnt-have-format-content","et_post_format-et-post-format-standard"],"acf":[],"_links":{"self":[{"href":"https:\/\/delfoscba.com.ar\/dev\/wp-json\/wp\/v2\/posts\/3614","targetHints":{"allow":["GET"]}}],"collection":[{"href":"https:\/\/delfoscba.com.ar\/dev\/wp-json\/wp\/v2\/posts"}],"about":[{"href":"https:\/\/delfoscba.com.ar\/dev\/wp-json\/wp\/v2\/types\/post"}],"author":[{"embeddable":true,"href":"https:\/\/delfoscba.com.ar\/dev\/wp-json\/wp\/v2\/users\/1"}],"replies":[{"embeddable":true,"href":"https:\/\/delfoscba.com.ar\/dev\/wp-json\/wp\/v2\/comments?post=3614"}],"version-history":[{"count":0,"href":"https:\/\/delfoscba.com.ar\/dev\/wp-json\/wp\/v2\/posts\/3614\/revisions"}],"wp:attachment":[{"href":"https:\/\/delfoscba.com.ar\/dev\/wp-json\/wp\/v2\/media?parent=3614"}],"wp:term":[{"taxonomy":"category","embeddable":true,"href":"https:\/\/delfoscba.com.ar\/dev\/wp-json\/wp\/v2\/categories?post=3614"},{"taxonomy":"post_tag","embeddable":true,"href":"https:\/\/delfoscba.com.ar\/dev\/wp-json\/wp\/v2\/tags?post=3614"}],"curies":[{"name":"wp","href":"https:\/\/api.w.org\/{rel}","templated":true}]}}