{"id":3728,"date":"2017-11-07T15:06:36","date_gmt":"2017-11-07T18:06:36","guid":{"rendered":"https:\/\/delfosold.exportech.com.ar\/?p=3728"},"modified":"2021-04-13T13:51:02","modified_gmt":"2021-04-13T13:51:02","slug":"encuesta-usted-cree-que-va-a-ir-a-votar-el-22-de-octubre","status":"publish","type":"post","link":"https:\/\/delfoscba.com.ar\/dev\/politica\/encuesta-usted-cree-que-va-a-ir-a-votar-el-22-de-octubre\/","title":{"rendered":"Encuesta | \u00bfUsted cree que va a ir a votar el 22 de octubre?"},"content":{"rendered":"<p>&nbsp;<\/p>\n<p>En el mes de octubre le preguntamos a los cordobeses si iban a ir a votar, algo que ya hab\u00edamos hecho en las PASO, nuevamente consultamos sobre en las elecciones generales.<\/p>\n<p>Se estima\u00a0que habr\u00e1 m\u00e1s participaci\u00f3n en las elecciones generales, algo que es habitual desde que se implementaron las elecciones Primarias, Abiertas, Simult\u00e1neas y Obligatorias.<\/p>\n<p><img fetchpriority=\"high\" decoding=\"async\" class=\"aligncenter wp-image-3729\" src=\"https:\/\/delfoscba.com.ar\/\/dev\/\/wp-content\/uploads\/2021\/04\/2_Diapositiva1-300x169.jpg\" alt=\"\" width=\"350\" height=\"197\" \/><\/p>\n<p>Adem\u00e1s pudimos caracterizar el perfil de las personas que seguramente van a ir a votar. En su mayor\u00eda son mujeres de 30 a 49 a\u00f1os.<\/p>\n<p><img decoding=\"async\" class=\"aligncenter wp-image-3730\" src=\"https:\/\/delfoscba.com.ar\/\/dev\/\/wp-content\/uploads\/2021\/04\/2_Diapositiva2-300x169.jpg\" alt=\"\" width=\"350\" height=\"197\" \/><\/p>\n<p>Sin embargo, el dato interesante es el de los indecisos que llegan a representar el 17,6% de la poblaci\u00f3n de C\u00f3rdoba. Mayormente del interior provincial.<\/p>\n<p><img decoding=\"async\" class=\"aligncenter wp-image-3731\" src=\"https:\/\/delfoscba.com.ar\/\/dev\/\/wp-content\/uploads\/2021\/04\/1_Diapositiva3-300x169.jpg\" alt=\"\" width=\"350\" height=\"197\" \/><\/p>\n<p>&nbsp;<\/p>\n","protected":false},"excerpt":{"rendered":"<p>En el mes de octubre le preguntamos a los cordobeses si iban a ir a votar, algo que ya hab\u00edamos hecho en las PASO, nuevamente consultamos sobre en las elecciones generales.<\/p>\n","protected":false},"author":1,"featured_media":10797,"comment_status":"open","ping_status":"open","sticky":false,"template":"","format":"standard","meta":{"_acf_changed":false,"footnotes":""},"categories":[3],"tags":[39,38,128,97,283,240,200],"class_list":["post-3728","post","type-post","status-publish","format-standard","has-post-thumbnail","hentry","category-politica","tag-argentina","tag-cordoba","tag-delfos","tag-elecciones","tag-electoral","tag-legislativas","tag-votantes","et-has-post-format-content","et_post_format-et-post-format-standard"],"acf":[],"_links":{"self":[{"href":"https:\/\/delfoscba.com.ar\/dev\/wp-json\/wp\/v2\/posts\/3728","targetHints":{"allow":["GET"]}}],"collection":[{"href":"https:\/\/delfoscba.com.ar\/dev\/wp-json\/wp\/v2\/posts"}],"about":[{"href":"https:\/\/delfoscba.com.ar\/dev\/wp-json\/wp\/v2\/types\/post"}],"author":[{"embeddable":true,"href":"https:\/\/delfoscba.com.ar\/dev\/wp-json\/wp\/v2\/users\/1"}],"replies":[{"embeddable":true,"href":"https:\/\/delfoscba.com.ar\/dev\/wp-json\/wp\/v2\/comments?post=3728"}],"version-history":[{"count":1,"href":"https:\/\/delfoscba.com.ar\/dev\/wp-json\/wp\/v2\/posts\/3728\/revisions"}],"predecessor-version":[{"id":10801,"href":"https:\/\/delfoscba.com.ar\/dev\/wp-json\/wp\/v2\/posts\/3728\/revisions\/10801"}],"wp:featuredmedia":[{"embeddable":true,"href":"https:\/\/delfoscba.com.ar\/dev\/wp-json\/wp\/v2\/media\/10797"}],"wp:attachment":[{"href":"https:\/\/delfoscba.com.ar\/dev\/wp-json\/wp\/v2\/media?parent=3728"}],"wp:term":[{"taxonomy":"category","embeddable":true,"href":"https:\/\/delfoscba.com.ar\/dev\/wp-json\/wp\/v2\/categories?post=3728"},{"taxonomy":"post_tag","embeddable":true,"href":"https:\/\/delfoscba.com.ar\/dev\/wp-json\/wp\/v2\/tags?post=3728"}],"curies":[{"name":"wp","href":"https:\/\/api.w.org\/{rel}","templated":true}]}}