{"id":3783,"date":"2017-12-21T12:55:12","date_gmt":"2017-12-21T15:55:12","guid":{"rendered":"https:\/\/delfosold.exportech.com.ar\/?p=3783"},"modified":"2017-12-21T12:55:12","modified_gmt":"2017-12-21T15:55:12","slug":"3783-2","status":"publish","type":"post","link":"https:\/\/delfoscba.com.ar\/dev\/notas-de-opinion\/3783-2\/","title":{"rendered":"Hacia el 2019: \u00bfclima de opini\u00f3n o clima de \u00e9poca?"},"content":{"rendered":"<p>Por Norman Berra<\/p>\n<p>Nos preguntamos si las dos victorias electorales consecutivas de Cambiemos pueden ser le\u00eddas como un clima de opini\u00f3n o como un clima de \u00e9poca. Seg\u00fan el polit\u00f3logo y consultor Mario Riorda, el resultado electoral de este a\u00f1o se vincula a un clima de opini\u00f3n que le dio al gobierno \u201cun envi\u00f3n para acelerar. Los climas de opini\u00f3n encuadran lo pol\u00edticamente aceptado o lo rechazado (\u2026) Pero un clima de opini\u00f3n, el que explica el tan buen desempe\u00f1o electoral de Cambiemos, no necesariamente habla de un clima de \u00e9poca (\u2026) Son situaciones m\u00e1s estables. Es la experiencia de un clima cultural dominante que define una era, un periodo particular en la historia. Podr\u00eda decirse que se refiere a la \u00e9tica y moral de una era y un lugar, como tambi\u00e9n al esp\u00edritu colectivo de un tiempo y espacio como reflejo de su cultura. \u00bfPuede Cambiemos transformar ese clima de opini\u00f3n en un clima de \u00e9poca? S\u00ed, pero estar\u00e1 asociado a ver como sus pol\u00edticas se plasman en favor o no de los argentinos. Lo cierto es que Mauricio Macri sigue representando cambio. Desde todo punto de vista. Y cambio de pol\u00edticas es lo que se espera. Y si las expectativas eran grandes, ahora ser\u00e1n mayores. Pero para gestionar adecuadamente las expectativas, en general los gobiernos deben centrarse en la vida concreta de la gente. Y ah\u00ed Cambiemos est\u00e1 teniendo un d\u00e9ficit desde el resultado de sus pol\u00edticas\u201d.<\/p>\n<p>En este marco, para hablar de un cambio de \u00e9poca, Cambiemos necesitar\u00eda pasar de la etapa de la \u201cgesti\u00f3n de las expectativas\u201d + \u201cla disputa con el pasado\u201d a una nueva, en la que se pongan de manifiesto beneficios palpables en el \u201cmetro cuadrado\u201d de la gente. Hasta ahora, eso no se advierte: aunque sin dudas este a\u00f1o hay un \u201crebote\u201d de la actividad respecto al baj\u00f3n del 2016, eso no alcanza a plasmarse en una mejora sustantiva de indicadores clave, como el de la desocupaci\u00f3n. Seg\u00fan apunt\u00f3 Alejandro Bercovich, esta s\u00f3lo se redujo dos d\u00e9cimas en un a\u00f1o, y en la zona m\u00e1s afectada (Gran Buenos Aires, GBA) sigue por arriba del 10%.<\/p>\n<p><img fetchpriority=\"high\" decoding=\"async\" class=\"aligncenter wp-image-3784\" src=\"https:\/\/delfosold.exportech.com.ar\/wp-content\/uploads\/2017\/12\/post2112-1024x315.jpg\" alt=\"\" width=\"624\" height=\"192\" \/><\/p>\n<p>Agrega Riorda: \u201cEl clima de \u00e9poca habla de la postura sobre m\u00e1s estado o m\u00e1s mercado; valores dominantes, esquemas de representaci\u00f3n; cambios de h\u00e1bitos que llevan tiempo en consolidarse; cambios de curr\u00edculas educativas; nuevas conductas sociales; establecimiento de nuevas agendas de derechos u obligaciones; o movimientos culturales o sociales de gran intensidad. Tiene mucha relaci\u00f3n con la ideolog\u00eda, m\u00e1s asociada a movimientos lentos m\u00e1s propios de los climas de \u00e9poca\u201d. Tampoco en este plano se advierte un cambio de la idiosincrasia nacional. Seg\u00fan una investigaci\u00f3n realizada en agosto de 2016, por el Centro de Estudios en Comunicaci\u00f3n Aplicada (CECAP) de la Universidad Austral, el 61% de la poblaci\u00f3n prefiere \u00abun pa\u00eds donde la mayor parte de las cosas las hace el Estado\u00bb, mientras que un 23% opt\u00f3 por las empresas privadas.<\/p>\n<p>En estos d\u00edas, la agitaci\u00f3n social por la reforma jubilatoria tambi\u00e9n puso en claro que hay una mayor\u00eda (transversal a \u201cla grieta\u201d) en contra de esa medida: seg\u00fan Ricardo Rouvier, soci\u00f3logo y director de Rouvier &amp; Asociados, el Ejecutivo no ley\u00f3 bien el \u00abpulso\u00bb social antes de avanzar con la decisi\u00f3n. \u00abLa opini\u00f3n p\u00fablica mayoritariamente est\u00e1 en contra de la ley de reforma jubilatoria: lo hemos medido: el 76% de la poblaci\u00f3n se opone\u00bb, plante\u00f3 el especialista, poniendo de manifiesto que no todos los que se movilizaron en contra de la iniciativa son necesariamente opositores al presidente Mauricio Macri. Con n\u00fameros similares, el Centro de Estudios del Trabajo y el Desarrollo (CETyD) de la UNSAM registr\u00f3 un desacuerdo de casi el 66% respecto a la medida, ahora convertida en ley. El rechazo es fuerte incluso en distritos muy favorables a Cambiemos en las \u00faltimas dos elecciones, como es el caso de C\u00f3rdoba, donde una reciente encuesta de la consultora Delfos arroj\u00f3 que el 79% est\u00e1 en desacuerdo con aumentar la edad jubilatoria (contra s\u00f3lo un 16% de acuerdo).<\/p>\n<p><img decoding=\"async\" class=\"aligncenter wp-image-3785\" src=\"https:\/\/delfosold.exportech.com.ar\/wp-content\/uploads\/2017\/12\/post-2112-1024x640.jpg\" alt=\"\" width=\"624\" height=\"390\" \/><\/p>\n<p>En este marco, el riesgo para Cambiemos es que su representaci\u00f3n quede acotada a la de una \u201coposici\u00f3n de la oposici\u00f3n\u201d, es decir, a ejercer, como oficialismo, s\u00f3lo una ant\u00edtesis del kirchnerismo (hoy oposici\u00f3n y antes gobierno). Si es as\u00ed, estar\u00eda autoencorset\u00e1ndose como fen\u00f3meno acotado a un clima de opini\u00f3n: una primera minor\u00eda circunstancial, con bajas chances de construir un clima de \u00e9poca m\u00e1s trascendente. As\u00ed, Riorda apunta que \u201cCambiemos tiene ahora un desaf\u00edo, que es superar su identidad como contracara del kirchnerismo, para mostrar pol\u00edticas que solidifiquen la expectativa del cambio expresada contundentemente en votos. A su modo, ha expresado un progresismo sostenido en expectativas que no tiene eje en la izquierda, sino en las inversiones y en el aumento de la productividad. Habr\u00e1 que ver\u201d.<\/p>\n<p>Fuente: <a href=\"http:\/\/climadeopinion.blogspot.com.ar\/2017\/12\/hacia-el-2019-clima-de-opinion-o-clima.html\">Clima de Opini\u00f3n<\/a><\/p>\n","protected":false},"excerpt":{"rendered":"<p>Por Norman Berra Nos preguntamos si las dos victorias electorales consecutivas de Cambiemos pueden ser le\u00eddas como un clima de opini\u00f3n o como un clima de \u00e9poca. Seg\u00fan el polit\u00f3logo y consultor Mario Riorda, el resultado electoral de este a\u00f1o se vincula a un clima de opini\u00f3n que le dio al gobierno \u201cun envi\u00f3n para [&hellip;]<\/p>\n","protected":false},"author":1,"featured_media":0,"comment_status":"open","ping_status":"open","sticky":false,"template":"","format":"standard","meta":{"_acf_changed":false,"footnotes":""},"categories":[6],"tags":[267,264,139,290,291,140,56,289,292],"class_list":["post-3783","post","type-post","status-publish","format-standard","hentry","category-notas-de-opinion","tag-cambiemos","tag-cristina","tag-gobierno","tag-grieta","tag-kirchnerismo","tag-macri","tag-politica","tag-pro","tag-reformas","et-doesnt-have-format-content","et_post_format-et-post-format-standard"],"acf":[],"_links":{"self":[{"href":"https:\/\/delfoscba.com.ar\/dev\/wp-json\/wp\/v2\/posts\/3783","targetHints":{"allow":["GET"]}}],"collection":[{"href":"https:\/\/delfoscba.com.ar\/dev\/wp-json\/wp\/v2\/posts"}],"about":[{"href":"https:\/\/delfoscba.com.ar\/dev\/wp-json\/wp\/v2\/types\/post"}],"author":[{"embeddable":true,"href":"https:\/\/delfoscba.com.ar\/dev\/wp-json\/wp\/v2\/users\/1"}],"replies":[{"embeddable":true,"href":"https:\/\/delfoscba.com.ar\/dev\/wp-json\/wp\/v2\/comments?post=3783"}],"version-history":[{"count":0,"href":"https:\/\/delfoscba.com.ar\/dev\/wp-json\/wp\/v2\/posts\/3783\/revisions"}],"wp:attachment":[{"href":"https:\/\/delfoscba.com.ar\/dev\/wp-json\/wp\/v2\/media?parent=3783"}],"wp:term":[{"taxonomy":"category","embeddable":true,"href":"https:\/\/delfoscba.com.ar\/dev\/wp-json\/wp\/v2\/categories?post=3783"},{"taxonomy":"post_tag","embeddable":true,"href":"https:\/\/delfoscba.com.ar\/dev\/wp-json\/wp\/v2\/tags?post=3783"}],"curies":[{"name":"wp","href":"https:\/\/api.w.org\/{rel}","templated":true}]}}