{"id":3803,"date":"2018-01-08T13:21:38","date_gmt":"2018-01-08T16:21:38","guid":{"rendered":"https:\/\/delfosold.exportech.com.ar\/?p=3803"},"modified":"2021-04-21T15:43:50","modified_gmt":"2021-04-21T15:43:50","slug":"encuesta-al-51-de-los-cordobeses-le-alcanza-justo-el-ingreso-familiar","status":"publish","type":"post","link":"https:\/\/delfoscba.com.ar\/dev\/el-dato-de-delfos\/encuesta-al-51-de-los-cordobeses-le-alcanza-justo-el-ingreso-familiar\/","title":{"rendered":"Encuesta |  Al 51% de los cordobeses le alcanza justo el ingreso familiar"},"content":{"rendered":"<p><strong>MARCO GENERAL<\/strong><br \/>\nLos cordobeses partieron de la premisa que todos deb\u00edan hacer un esfuerzo y sacrificar algo en pos de lograr una situaci\u00f3n futura mejor, y mientras tanto, se instrumentaban los cambios pol\u00edticos prometidos.<br \/>\nEsta idea se asoci\u00f3 a otra que planteaba la necesidad de incorporar el momento de reconocimientos y de m\u00e9ritos que termine con la brecha entre los que trabajan, pagan impuestos, y cumplen con sus obligaciones, y quienes no, pero a la vez, tienen el subsidio del Estado.<br \/>\nEsta mirada meritocr\u00e1tica de la construcci\u00f3n colectiva dio lugar al discurso de Cambiemos de apostar al esfuerzo individual para encontrar una salida colectiva. Por eso, el pedido de sacrificio recogi\u00f3 adhesiones electorales en C\u00f3rdoba.<br \/>\nTanto es as\u00ed que, por primera vez, en una elecci\u00f3n de medio t\u00e9rmino fueron m\u00e1s importantes los anteriores ejes comunicacionales mencionados que la econom\u00eda de los cordobeses, que (como se plantea en este informe) no est\u00e1 pasando por el mejor momento.<\/p>\n<p><img fetchpriority=\"high\" decoding=\"async\" class=\"aligncenter wp-image-3804\" src=\"https:\/\/delfoscba.com.ar\/\/dev\/\/wp-content\/uploads\/2018\/01\/Diapositiva1-300x169.jpg\" alt=\"\" width=\"370\" height=\"208\" srcset=\"https:\/\/delfoscba.com.ar\/dev\/wp-content\/uploads\/2018\/01\/Diapositiva1-300x169.jpg 300w, https:\/\/delfoscba.com.ar\/dev\/wp-content\/uploads\/2018\/01\/Diapositiva1-768x432.jpg 768w, https:\/\/delfoscba.com.ar\/dev\/wp-content\/uploads\/2018\/01\/Diapositiva1.jpg 960w\" sizes=\"(max-width: 370px) 100vw, 370px\" \/><\/p>\n<p><strong>INFLACI\u00d3N<\/strong><br \/>\nLos cordobeses tienen una percepci\u00f3n inflacionaria para los pr\u00f3ximos meses del 25 por ciento, es decir, 10 puntos m\u00e1s de lo que plantea en sus objetivos para el presupuesto 2018 el gobierno nacional.<br \/>\nEsto se suma a que el 50 por ciento de los cordobeses no cree que Mauricio Macri vaya a poder finalmente controlar la inflaci\u00f3n.<br \/>\nCon estos datos queda en evidencia la falta de creencia en los gobiernos sobre la posibilidad cierta de domar este viejo indicador, que es tambi\u00e9n un par\u00e1metro de confianza sobre una de las principales promesas de Macri cuando inici\u00f3 su gesti\u00f3n.<\/p>\n<p><img decoding=\"async\" class=\"aligncenter wp-image-3808\" src=\"https:\/\/delfoscba.com.ar\/\/dev\/\/wp-content\/uploads\/2018\/01\/Diapositiva5-300x169.jpg\" alt=\"\" width=\"370\" height=\"208\" srcset=\"https:\/\/delfoscba.com.ar\/dev\/wp-content\/uploads\/2018\/01\/Diapositiva5-300x169.jpg 300w, https:\/\/delfoscba.com.ar\/dev\/wp-content\/uploads\/2018\/01\/Diapositiva5-768x432.jpg 768w, https:\/\/delfoscba.com.ar\/dev\/wp-content\/uploads\/2018\/01\/Diapositiva5.jpg 960w\" sizes=\"(max-width: 370px) 100vw, 370px\" \/><br \/>\n<strong>MANEJO DE LA ECONOM\u00cdA<\/strong><br \/>\nAsimismo, y si bien Cambiemos tiene puesto su foco en la pol\u00edtica y los cambios que pueda instrumentar desde all\u00ed, es cierto que la econom\u00eda fue siempre el tal\u00f3n de Aquiles de muchos gobiernos. En este caso, s\u00f3lo el 17 por ciento de los cordobeses dice que Macri est\u00e1 manejando bien la econom\u00eda nacional, esto es, ocho puntos menos que en noviembre.<br \/>\nAhora bien, estos datos de la percepci\u00f3n de los cordobeses se explican en gran medida, en la realidad econ\u00f3mica que confiesan sobre su situaci\u00f3n dom\u00e9stica.<\/p>\n<p><img decoding=\"async\" class=\"aligncenter wp-image-3805\" src=\"https:\/\/delfoscba.com.ar\/\/dev\/\/wp-content\/uploads\/2018\/01\/Diapositiva2-300x169.jpg\" alt=\"\" width=\"370\" height=\"208\" srcset=\"https:\/\/delfoscba.com.ar\/dev\/wp-content\/uploads\/2018\/01\/Diapositiva2-300x169.jpg 300w, https:\/\/delfoscba.com.ar\/dev\/wp-content\/uploads\/2018\/01\/Diapositiva2-768x432.jpg 768w, https:\/\/delfoscba.com.ar\/dev\/wp-content\/uploads\/2018\/01\/Diapositiva2.jpg 960w\" sizes=\"(max-width: 370px) 100vw, 370px\" \/><br \/>\n<strong>PODER ADQUISITIVO<\/strong><br \/>\nEn este sentido, pr\u00e1cticamente en un a\u00f1o no se modific\u00f3 la capacidad adquisitiva de los cordobeses: en el \u00faltimo mes de 2017 s\u00f3lo el 11 por ciento dijo que puede ahorrar con los ingresos que recibe su grupo familiar; este dato en febrero de 2016 era del ocho por ciento; a los que directamente no les alcanza, no se modific\u00f3; el 36 en febrero de 2016 y 37 este a\u00f1o; y los que dicen que les alcanza justo pero no pueden ahorrar, es el 51 ahora contra el 55 de hace casi un a\u00f1o atr\u00e1s. En proporciones generales no hubo cambios.<br \/>\nNo obstante, s\u00ed se est\u00e1 sintiendo m\u00e1s el deterioro en la ciudad de C\u00f3rdoba, donde a los que no les alcanzan sus ingresos para hacer frente a los costos familiares llega al 45 por ciento y la crisis golpea claramente en los sectores bajos donde ese indicador sube al 53 por ciento.<\/p>\n<p><img loading=\"lazy\" decoding=\"async\" class=\"aligncenter wp-image-3806\" src=\"https:\/\/delfoscba.com.ar\/\/dev\/\/wp-content\/uploads\/2018\/01\/Diapositiva3-300x169.jpg\" alt=\"\" width=\"370\" height=\"208\" srcset=\"https:\/\/delfoscba.com.ar\/dev\/wp-content\/uploads\/2018\/01\/Diapositiva3-300x169.jpg 300w, https:\/\/delfoscba.com.ar\/dev\/wp-content\/uploads\/2018\/01\/Diapositiva3-768x432.jpg 768w, https:\/\/delfoscba.com.ar\/dev\/wp-content\/uploads\/2018\/01\/Diapositiva3.jpg 960w\" sizes=\"(max-width: 370px) 100vw, 370px\" \/><br \/>\n<strong>ENDEUDAMIENTO<\/strong><br \/>\nComo siempre decimos, cuando los cordobeses avizoran luces amarillas en el horizonte econ\u00f3mico, ponen en pr\u00e1ctica un \u201cprotocolo de crisis\u201d que, entre otras cosas, implica desendeudarse. Pero que tambi\u00e9n es reflejo del \u201csacrificio\u201d pedido por el gobierno nacional que se traduce en resignar intereses.<br \/>\nEn este sentido, los cordobeses han generado un fuerte desendeudamiento en sus econom\u00edas,\u00a0sobre todo poni\u00e9ndose al d\u00eda con los servicios p\u00fablicos, justo los que vienen sufriendo las mayores actualizaciones.<br \/>\nLa cantidad de cordobeses que dicen estar endeudados (39%) es ocho puntos menos que hace un a\u00f1o (47%).<br \/>\nEn esta l\u00ednea, tambi\u00e9n es contundente la cantidad de cordobeses que no tomaron cr\u00e9ditos durante este a\u00f1o (un 88%), y una proporci\u00f3n similar (81%) mantendr\u00e1 la misma conducta el a\u00f1o pr\u00f3ximo.<br \/>\nLos que s\u00ed pidieron pr\u00e9stamos y lo har\u00e1n el a\u00f1o que viene, elegir\u00e1n principalmente un cr\u00e9dito personal.<\/p>\n<p><img loading=\"lazy\" decoding=\"async\" class=\"aligncenter wp-image-3807\" src=\"https:\/\/delfoscba.com.ar\/\/dev\/\/wp-content\/uploads\/2018\/01\/Diapositiva4-300x169.jpg\" alt=\"\" width=\"370\" height=\"208\" srcset=\"https:\/\/delfoscba.com.ar\/dev\/wp-content\/uploads\/2018\/01\/Diapositiva4-300x169.jpg 300w, https:\/\/delfoscba.com.ar\/dev\/wp-content\/uploads\/2018\/01\/Diapositiva4-768x432.jpg 768w, https:\/\/delfoscba.com.ar\/dev\/wp-content\/uploads\/2018\/01\/Diapositiva4.jpg 960w\" sizes=\"(max-width: 370px) 100vw, 370px\" \/><\/p>\n","protected":false},"excerpt":{"rendered":"<p>Algunos datos estad\u00edsticos sobre t\u00f3picos de actualidad, en este caso el tema abordado tiene que ver con la econom\u00eda de los cordobeses en relaci\u00f3n a la situaci\u00f3n del pa\u00eds.<\/p>\n","protected":false},"author":1,"featured_media":3809,"comment_status":"open","ping_status":"open","sticky":false,"template":"","format":"standard","meta":{"_acf_changed":false,"footnotes":""},"categories":[90],"tags":[38,157,42,145,43],"class_list":["post-3803","post","type-post","status-publish","format-standard","has-post-thumbnail","hentry","category-el-dato-de-delfos","tag-cordoba","tag-deudas","tag-economia","tag-inflacion","tag-ingresos","et-has-post-format-content","et_post_format-et-post-format-standard"],"acf":[],"_links":{"self":[{"href":"https:\/\/delfoscba.com.ar\/dev\/wp-json\/wp\/v2\/posts\/3803","targetHints":{"allow":["GET"]}}],"collection":[{"href":"https:\/\/delfoscba.com.ar\/dev\/wp-json\/wp\/v2\/posts"}],"about":[{"href":"https:\/\/delfoscba.com.ar\/dev\/wp-json\/wp\/v2\/types\/post"}],"author":[{"embeddable":true,"href":"https:\/\/delfoscba.com.ar\/dev\/wp-json\/wp\/v2\/users\/1"}],"replies":[{"embeddable":true,"href":"https:\/\/delfoscba.com.ar\/dev\/wp-json\/wp\/v2\/comments?post=3803"}],"version-history":[{"count":1,"href":"https:\/\/delfoscba.com.ar\/dev\/wp-json\/wp\/v2\/posts\/3803\/revisions"}],"predecessor-version":[{"id":10875,"href":"https:\/\/delfoscba.com.ar\/dev\/wp-json\/wp\/v2\/posts\/3803\/revisions\/10875"}],"wp:featuredmedia":[{"embeddable":true,"href":"https:\/\/delfoscba.com.ar\/dev\/wp-json\/wp\/v2\/media\/3809"}],"wp:attachment":[{"href":"https:\/\/delfoscba.com.ar\/dev\/wp-json\/wp\/v2\/media?parent=3803"}],"wp:term":[{"taxonomy":"category","embeddable":true,"href":"https:\/\/delfoscba.com.ar\/dev\/wp-json\/wp\/v2\/categories?post=3803"},{"taxonomy":"post_tag","embeddable":true,"href":"https:\/\/delfoscba.com.ar\/dev\/wp-json\/wp\/v2\/tags?post=3803"}],"curies":[{"name":"wp","href":"https:\/\/api.w.org\/{rel}","templated":true}]}}