{"id":3945,"date":"2018-04-04T10:09:05","date_gmt":"2018-04-04T13:09:05","guid":{"rendered":"https:\/\/delfosold.exportech.com.ar\/?p=3945"},"modified":"2018-04-04T10:09:05","modified_gmt":"2018-04-04T13:09:05","slug":"hacia-el-2019-la-clave-es-la-representacion","status":"publish","type":"post","link":"https:\/\/delfoscba.com.ar\/dev\/notas-de-opinion\/hacia-el-2019-la-clave-es-la-representacion\/","title":{"rendered":"Hacia el 2019: la clave es la representaci\u00f3n"},"content":{"rendered":"<p>Por <strong>Norman Berra<\/strong><br \/>\n<img fetchpriority=\"high\" decoding=\"async\" class=\"alignleft wp-image-3947 size-medium\" src=\"https:\/\/delfosold.exportech.com.ar\/wp-content\/uploads\/2018\/04\/OPINA-SELLOS-MARZO-HACIA-2019-2-300x225.jpg\" alt=\"\" width=\"300\" height=\"225\" \/>Cerr\u00e1bamos el pen\u00faltimo post marcando que, de cara al reordenamiento del espacio opositor, hab\u00eda que desterrar el mito de que CFK no puede (o peor a\u00fan, \u00abno debe\u00bb) ser candidata porque \u201cpolariza\u201d las opiniones, planteando que precisamente eso es lo que tiene que hacer un candidato opositor: polarizar. Quien polariza capitaliza los consensos negativos del rival y se constituye como alternativa (es lo que Macri hizo exitosamente y lo que le permiti\u00f3 capitalizar el antikirchnerismo para pasar al ballotage del 2015, y es lo que le permiti\u00f3 a CFK ser la candidata opositora m\u00e1s votada en las legislativas del 2017, muy por encima de los candidatos y fuerzas \u201copo-oficialistas\u201d. En tanto, quienes no polarizaron en 2017 quedaron tanto lejos del oficialismo como de la principal fuerza opositora (Unidad Ciudadana) en rendimiento electoral. Adem\u00e1s, eso tampoco rinde en imagen, como vimos en aquel post (Massa no s\u00f3lo qued\u00f3 tercero detr\u00e1s de Cambiemos y de CFK, sino que adem\u00e1s tiene hoy menos positiva que la ex presidenta y pr\u00e1cticamente el mismo caudal de negativa. \u201cPretender que el reordenamiento del espacio pan-justicialista debe hacerse a espaldas de la principal dirigente opositora a nivel pa\u00eds es un error estrat\u00e9gico de fuste\u201d, dec\u00edamos en esa entrada. Recordemos: el agregado de datos electorales del 2017 arroj\u00f3 que Unidad Ciudadana y sus aliados recogieron 6.3250.81 votos en el total nacional, contra 11.072.697 de Cambiemos, 1.452.502 de 1Pa\u00eds y 2.021.735 del peronismo no K, lo cual confirma claramente cu\u00e1l es la principal fuerza de oposici\u00f3n por la que se inclinaron los electores.<\/p>\n<p>En la misma l\u00ednea, en enero pasado el consultor Carlos Fara dec\u00eda: \u201cCristina es hoy la m\u00e1s candidata presidencial opositora con m\u00e1s votos potenciales, y no hay dentro del peronismo quien le pueda disputar ese lugar. Ella es un liderazgo importante. Creo que no se debe subestimar cu\u00e1nto kirchnerismo ideol\u00f3gico y cultural hay en la sociedad luego de 12 a\u00f1os de controlar el gobierno. En la provincia de Buenos Aires se pensaba que su techo era el 32 % y finalmente alcanz\u00f3 el 37 %. Mientras el PJ no tenga caras nuevas potentes y un nuevo relato alternativo, va a ser dif\u00edcil que el p\u00fablico opositor se olvide de Cristina. Decir que ella hoy es solo una dirigente representativa de la tercera secci\u00f3n electoral del territorio bonaerense es un error. La cuenta real es cu\u00e1ntos votos juntar\u00eda en una presidencial, m\u00e1s all\u00e1 de la actitud que tomen los gobernadores\u201d.<\/p>\n<p>En este marco, el error de muchos gobernadores del PJ deviene de una mala lectura de la representaci\u00f3n poselectoral en 2017. Como apunt\u00f3 oportunamente Pablo Papini, las protestas de diciembre detonadas con la reforma previsional permitieron calibrar la monumentalidad de ese error: \u201cse pretendi\u00f3 hacer descansar al reformismo permanente en un supuesto pacto entre Olivos y los gobernadores cuya letra tuvo copyright CEOcr\u00e1tico exclusivo. Con eso, los mandatarios locales corrieron a reforzar la representaci\u00f3n de un segmento que ya tiene abogado. El resto, hu\u00e9rfanos\u201d. Es decir, tratando de escapar de \u201cla grieta\u201d, los gobernadores opo-oficialistas se transformaron en socios del oficialismo. Privilegiaron la gobernabilidad rec\u00edproca, pero de esa manera cerraron el 2017 preocupados por ver cu\u00e1ntos costos compart\u00edan con el gobierno de Cambiemos y dejaron sin representaci\u00f3n a los electores opositores. De esa manera, la crisis fue capitalizada por CFK. \u201cMacri y Cristina parecen practicar nado sincronizado. Los 10 puntos de imagen que perdi\u00f3 Macri entre diciembre pasado y marzo de este a\u00f1o, los recuper\u00f3 Cristina en simult\u00e1neo\u201d, apunt\u00f3 en estos d\u00edas el polit\u00f3logo Daniel Montoya.<\/p>\n<p>En este blog hemos citado varios estudios que coinciden en la merma de imagen entre los dirigentes de Cambiemos junto con una recuperaci\u00f3n en la calificaci\u00f3n de CFK. Para m\u00e1s datos, el estudio de Opina que venimos citando muestra que en el pulso electoral de cara al 2019 el nuevo sello de Unidad Ciudadana que perge\u00f1\u00f3 CFK en 2017 como restyling del cl\u00e1sico y quiz\u00e1s desgastado FPV hoy rendir\u00eda tan bien como el de un m\u00e1s quim\u00e9rico (a la luz de la coyuntura actual) peronismo unificado. Seg\u00fan esa consultora, si las elecciones fuesen hoy un 35% votar\u00eda a Cambiemos (macrismo), un 32% al peronismo unificado, un 16% a otro, un 8% al Frente de Izquierda y un 10% no sabe o no tiene opini\u00f3n formada (ver datos abajo; click para agrandar). Si en vez de peronismo unificado juegan Unidad Ciudadana\/CFK y 1Pa\u00eds (massismo), la distribuci\u00f3n apenas var\u00eda: 35% para Cambiemos, 33% para UC\/CFK, 12% para 1Pa\u00eds, 9% para otro y 5% no sabe o no tiene opini\u00f3n formada (ver datos arriba; click para agrandar). Es decir, en este segundo escenario Cambiemos mantiene su voto duro (que est\u00e1 en el orden de magnitud del 34,15% obtenido por Macri en la primera vuelta del 2015 y por debajo del voto en las legislativas de medio t\u00e9rmino del 2017, que fue del 42%), la fuerza de CFK rinde igual de bien que el peronismo unificado y el massismo queda como tercero, desplazando a la izquierda. En s\u00edntesis, se reedita una din\u00e1mica de polarizaci\u00f3n, pero si la del 2017 fue asim\u00e9trica esta, en cambio, muestra una notable paridad, aunque se trate m\u00e1s de opini\u00f3n electoral que de intenci\u00f3n de voto.<br \/>\n<img decoding=\"async\" class=\"aligncenter wp-image-3946 size-medium\" src=\"https:\/\/delfosold.exportech.com.ar\/wp-content\/uploads\/2018\/04\/OPINA-SELLOS-MARZO-HACIA-2019-1.2-300x225.jpg\" alt=\"\" width=\"300\" height=\"225\" \/><\/p>\n<p>Fuente: <a href=\"http:\/\/climadeopinion.blogspot.com.ar\/2018\/04\/hacia-el-2019-la-clave-es-la.html\">Clima de Opini\u00f3n<\/a><\/p>\n","protected":false},"excerpt":{"rendered":"<p>Lejos de ser un muerto pol\u00edtico, Cristina Fern\u00e1ndez se posiciona y capitaliza las crisis de Cambiemos.<\/p>\n","protected":false},"author":1,"featured_media":0,"comment_status":"open","ping_status":"open","sticky":false,"template":"","format":"standard","meta":{"_acf_changed":false,"footnotes":""},"categories":[127,6],"tags":[39,267,307,264,101,128,308,291,140,287,56,309],"class_list":["post-3945","post","type-post","status-publish","format-standard","hentry","category-headline","category-notas-de-opinion","tag-argentina","tag-cambiemos","tag-cfk","tag-cristina","tag-cristina-f-de-kirchner","tag-delfos","tag-elecciones-2019","tag-kirchnerismo","tag-macri","tag-peronismo","tag-politica","tag-unidad-ciudadana","et-doesnt-have-format-content","et_post_format-et-post-format-standard"],"acf":[],"_links":{"self":[{"href":"https:\/\/delfoscba.com.ar\/dev\/wp-json\/wp\/v2\/posts\/3945","targetHints":{"allow":["GET"]}}],"collection":[{"href":"https:\/\/delfoscba.com.ar\/dev\/wp-json\/wp\/v2\/posts"}],"about":[{"href":"https:\/\/delfoscba.com.ar\/dev\/wp-json\/wp\/v2\/types\/post"}],"author":[{"embeddable":true,"href":"https:\/\/delfoscba.com.ar\/dev\/wp-json\/wp\/v2\/users\/1"}],"replies":[{"embeddable":true,"href":"https:\/\/delfoscba.com.ar\/dev\/wp-json\/wp\/v2\/comments?post=3945"}],"version-history":[{"count":0,"href":"https:\/\/delfoscba.com.ar\/dev\/wp-json\/wp\/v2\/posts\/3945\/revisions"}],"wp:attachment":[{"href":"https:\/\/delfoscba.com.ar\/dev\/wp-json\/wp\/v2\/media?parent=3945"}],"wp:term":[{"taxonomy":"category","embeddable":true,"href":"https:\/\/delfoscba.com.ar\/dev\/wp-json\/wp\/v2\/categories?post=3945"},{"taxonomy":"post_tag","embeddable":true,"href":"https:\/\/delfoscba.com.ar\/dev\/wp-json\/wp\/v2\/tags?post=3945"}],"curies":[{"name":"wp","href":"https:\/\/api.w.org\/{rel}","templated":true}]}}