{"id":3983,"date":"2018-04-11T11:59:20","date_gmt":"2018-04-11T14:59:20","guid":{"rendered":"https:\/\/delfosold.exportech.com.ar\/?p=3983"},"modified":"2018-04-11T11:59:20","modified_gmt":"2018-04-11T14:59:20","slug":"preferencia-electoral-e-hipotesis-de-cara-al-2019","status":"publish","type":"post","link":"https:\/\/delfoscba.com.ar\/dev\/notas-de-opinion\/preferencia-electoral-e-hipotesis-de-cara-al-2019\/","title":{"rendered":"Preferencia electoral e hip\u00f3tesis de cara al 2019"},"content":{"rendered":"<p>Por <strong>Norman Berra<\/strong><br \/>\n<img fetchpriority=\"high\" decoding=\"async\" class=\"alignleft wp-image-3984 size-medium\" src=\"https:\/\/delfosold.exportech.com.ar\/wp-content\/uploads\/2018\/04\/QUERY-APROBACI\u00d3N-MACRI-MARZO-300x200.jpg\" alt=\"\" width=\"300\" height=\"200\" \/>Cerr\u00e1bamos el post anterior planteando que el promedio de tres mediciones nacionales recientes sit\u00faa la preferencia electoral por el oficialismo en un 32,1%, es decir, 10 puntos porcentuales por debajo del caudal obtenido por Cambiemos en las legislativas de medio t\u00e9rmino hace apenas cinco meses. Esto, dec\u00edamos, sugiere un sensible desgaste del acompa\u00f1amiento al oficialismo. Cabe mencionar que, luego de que public\u00e1ramos ese post, se conoci\u00f3 una nueva medici\u00f3n que confirma esa tendencia: se trata de un estudio de la consultora Query, sobre una muestra de 1.109 casos. Seg\u00fan ese sondeo, realizado entre el 1 y el 3 de abril, un 32,9% votar\u00eda a candidatos del oficialismo, mientras que un 39,8% optar\u00eda por candidatos de la oposici\u00f3n. Si sumamos a esta encuesta como la cuarta de la serie y hacemos un promedio, la preferencia electoral por el oficialismo alcanza 32,3%; d\u00e9cimas m\u00e1s, d\u00e9cimas menos, es un punto medio entre el caudal obtenido por los tres precandidatos de Cambiemos en la PASO del 2015 (30,12%) y el obtenido por Mauricio Macri en la primera vuelta presidencial del mismo a\u00f1o (34,15%). Sugestivamente, ese 32% coincide con el porcentaje de aprobaci\u00f3n de la gesti\u00f3n, mientras que un 56% no la aprueba (ver datos arriba; click para agrandar).<\/p>\n<p>Esos 10 puntos porcentuales por debajo del resultado de Cambiemos en octubre pasado (alrededor del 42% en todo el pa\u00eds) representan una merma no menor, sobre todo por el tiempo relativamente breve transcurrido desde entonces. \u00bfQu\u00e9 pas\u00f3 en el medio? B\u00e1sicamente, el impacto del paquete de medidas lanzadas con la etiqueta de \u201creformismo permanente\u201d como eje de la agenda poselectoral y con el cambio de f\u00f3rmula para los haberes previsionales como bisagra en el mes de diciembre. Como hecho curioso (o no tanto), la Carta Econ\u00f3mica del Estudio Broda y Asociados publicada en enero pasado apuntaba que 1 de cada 4 votantes de Cambiemos en las elecciones legislativas \u201cno volver\u00e1 a hacerlo, esgrimiendo como principal detonante a la reforma previsional\u201d. Aunque el metier de Broda es el an\u00e1lisis econ\u00f3mico (no el de opini\u00f3n p\u00fablica), es sugestivo que esa proyecci\u00f3n de descenso de 1 de 4 electores (es decir, la cosecha electoral amarilla pasa del 40% al 30%) coincida con el promedio de 4 mediciones de consultoras especializadas en el seguimiento de tendencias electorales.<\/p>\n<p>Si la preferencia electoral del oficialismo se mantuviera en torno al 30% hacia 2019 se abrir\u00eda un escenario nuevo. El resultado de las legislativas de medio t\u00e9rmino del 2017 dej\u00f3 sembrada la posibilidad de un triunfo oficialista en primera vuelta, dado que Cambiemos alcanz\u00f3 un 42% de votos a nivel nacional, mientras que la principal fuerza opositora, Unidad Ciudadana y aliados, roz\u00f3 el 24%. De repetirse una performance similar en 2019 no habr\u00eda segunda vuelta, dado que la primera minor\u00eda superar\u00eda el 40% y le sacar\u00eda m\u00e1s de 10 puntos de ventaja a la segunda lista m\u00e1s votada. Esa es la primera hip\u00f3tesis de continuidad en el poder para Cambiemos: sostener un caudal no menor al 40% en el total nacional. A su vez, la fragmentaci\u00f3n opositora del espacio pan-justicialista (al caudal de UC\/FPV\/K le sigue un 9,5% de votos del peronismo no K, un 5% del peronismo filo K y un 6% de 1Pa\u00eds\/massismo). Esta, la segunda de las hip\u00f3tesis clave de Cambiemos de cara al 2019, le permitir\u00eda conservar con holgura su condici\u00f3n de primera minor\u00eda y una ventaja de al menos 10 puntos sobre el segundo para abonar la reelecci\u00f3n del presidente Macri (o, al menos, mantenerse en el poder con un sucesor o sucesora).<\/p>\n<p>En cambio, si el oficialismo desciende a niveles en torno al 30%, cualquiera fuera el resultado de la segunda fuerza habr\u00eda ballotage. Adem\u00e1s de entrar en crisis la primera hip\u00f3tesis, se forzar\u00eda un reagrupamiento del voto opositor en la segunda vuelta, lo que generar\u00eda una situaci\u00f3n de alto riesgo para el oficialismo. Si ese escenario se combinara con una crisis socioecon\u00f3mica ya no latente, sino manifiesta, tendr\u00edamos un panorama del tipo \u201cla suma de todos los miedos\u201d. Al reagrupamiento de la oferta electoral forzado por la segunda vuelta (los electores que votaron por listas opositoras que salieron del tercer lugar para atr\u00e1s no tendr\u00edan m\u00e1s alternativa de voto positivo que optar por Cambiemos o por la segunda minor\u00eda, o bien abstenerse o votar en blanco) se sumar\u00eda un reagrupamiento de electores en funci\u00f3n de los efectos socioecon\u00f3micos de la gesti\u00f3n de Macri. Ese clivaje resulta clave. Seg\u00fan Rodrigo Zarazaga (experto en la pobreza del GBA) existe una fractura en las bases populares que afecta al voto peronista, en rigor una doble escisi\u00f3n: arriba, entre sus dirigentes (la oferta electoral) y abajo, entre sus votantes tradicionales (electores). Esa fractura social entre los electores con ocupaci\u00f3n formal y un mayor horizonte aspiracional y los que dependen de trabajos precarios y planes de asistencia se viene expresando, de acuerdo al especialista, en la fragmentaci\u00f3n del espacio pan-justicialista en sus diversas expresiones (kirchnerismo\/Unidad Ciudadana\/aliados y afines, por un lado, y peronismo no K y massismo, por otro). En ese marco, si el ballotage fuerza la unificaci\u00f3n de la oferta electoral opositora, un contexto de crisis manifiesta podr\u00eda difuminar la fractura entre electores con ocupaci\u00f3n m\u00e1s formal y electores precarizados; de hecho, seg\u00fan el propio Indec, en lo que va de la gesti\u00f3n Cambiemos el d\u00e9bil crecimiento del empleo pasa m\u00e1s por el cuentapropismo y el trabajo informal que por los empleados registrados.<\/p>\n<p>Fuente: <a href=\"http:\/\/climadeopinion.blogspot.com.ar\/2018\/04\/preferencia-electoral-e-hipotesis-de.html\">Clima de Opini\u00f3n<\/a><\/p>\n","protected":false},"excerpt":{"rendered":"<p>Cambiemos enfrenta un desgaste que pone en riesgo la continuidad del oficialismo de cara a las elecciones generales de 2019<\/p>\n","protected":false},"author":1,"featured_media":0,"comment_status":"open","ping_status":"open","sticky":false,"template":"","format":"standard","meta":{"_acf_changed":false,"footnotes":""},"categories":[127,6],"tags":[39,267,156,308,291,140,57,218,288,56],"class_list":["post-3983","post","type-post","status-publish","format-standard","hentry","category-headline","category-notas-de-opinion","tag-argentina","tag-cambiemos","tag-consultora-delfos","tag-elecciones-2019","tag-kirchnerismo","tag-macri","tag-norman-berra","tag-partidos-politicos","tag-pj","tag-politica","et-doesnt-have-format-content","et_post_format-et-post-format-standard"],"acf":[],"_links":{"self":[{"href":"https:\/\/delfoscba.com.ar\/dev\/wp-json\/wp\/v2\/posts\/3983","targetHints":{"allow":["GET"]}}],"collection":[{"href":"https:\/\/delfoscba.com.ar\/dev\/wp-json\/wp\/v2\/posts"}],"about":[{"href":"https:\/\/delfoscba.com.ar\/dev\/wp-json\/wp\/v2\/types\/post"}],"author":[{"embeddable":true,"href":"https:\/\/delfoscba.com.ar\/dev\/wp-json\/wp\/v2\/users\/1"}],"replies":[{"embeddable":true,"href":"https:\/\/delfoscba.com.ar\/dev\/wp-json\/wp\/v2\/comments?post=3983"}],"version-history":[{"count":0,"href":"https:\/\/delfoscba.com.ar\/dev\/wp-json\/wp\/v2\/posts\/3983\/revisions"}],"wp:attachment":[{"href":"https:\/\/delfoscba.com.ar\/dev\/wp-json\/wp\/v2\/media?parent=3983"}],"wp:term":[{"taxonomy":"category","embeddable":true,"href":"https:\/\/delfoscba.com.ar\/dev\/wp-json\/wp\/v2\/categories?post=3983"},{"taxonomy":"post_tag","embeddable":true,"href":"https:\/\/delfoscba.com.ar\/dev\/wp-json\/wp\/v2\/tags?post=3983"}],"curies":[{"name":"wp","href":"https:\/\/api.w.org\/{rel}","templated":true}]}}