{"id":4055,"date":"2018-04-27T12:51:48","date_gmt":"2018-04-27T15:51:48","guid":{"rendered":"https:\/\/delfosold.exportech.com.ar\/?p=4055"},"modified":"2018-04-27T12:51:48","modified_gmt":"2018-04-27T15:51:48","slug":"otras-verdades-sobre-impuestos-y-tarifas","status":"publish","type":"post","link":"https:\/\/delfoscba.com.ar\/dev\/notas-de-opinion\/otras-verdades-sobre-impuestos-y-tarifas\/","title":{"rendered":"Otras verdades sobre impuestos y tarifas"},"content":{"rendered":"<p>Por <strong>Luis Esterlizi<\/strong><\/p>\n<p>Intentar analizar la complejidad de los factores que intervienen en la conformaci\u00f3n de los impuestos y tarifas, sin tener en cuenta la incidencia de aquellos que a veces son omitidos o ignorados, pone al descubierto el manejo discrecional de los que deciden la forma de implementarlos muy sencillamente: cuando no alcanzan, aumentarlos a costa de la desaz\u00f3n y desesperaci\u00f3n de la sociedad en su conjunto.<\/p>\n<p>No se debe culpar al pueblo de la desastrosa situaci\u00f3n que hoy vivimos los argentinos, teniendo en cuenta que los que gobernaron en nombre y al servicio del pa\u00eds fracasaron en sus cometidos al experimentar sus propuestas sobre la vida y existencia de la comunidad nacional, bajo premisas que van de un extremo al otro de las ideolog\u00edas en pugna.<\/p>\n<p>Los argumentos que hoy se utilizan para justificar la enorme carga tributaria y la actualizaci\u00f3n de las tarifas de los servicios p\u00fablicos no tienen en cuenta los siguientes acontecimientos:<\/p>\n<p>1. La ausencia de un proyecto de pa\u00eds que contenga un nuevo perfil productivo y laboral consensuado entre las fuerzas pol\u00edticas, sectoriales y sociales a partir de la crisis del neoliberalismo, que tuvo su eclosi\u00f3n en los sucesos del 2001\/2002.<br \/>\nSe sigue utilizando la misma muletilla de que entre todos debemos superar esta crisis o empujar el carro para el mismo lado, mientras las decisiones fundamentales se siguen tomando en un c\u00edrculo cada vez m\u00e1s cerrado y estrecho de muchos gobernantes y entes prestatarios de los servicios p\u00fablicos.<\/p>\n<p>Hasta el d\u00eda de hoy, la realizaci\u00f3n de las audiencias p\u00fablicas poco y nada logr\u00f3 para frenar o minimizar sus impactos en la sociedad.<\/p>\n<p>La famosa grieta que divide a los argentinos s\u00f3lo ha servido para instalar la desuni\u00f3n y el juego perverso de una democracia de elites. Miles de Pyme sufren la falta de un proyecto ordenador de las fuerzas productivas y laborales y de la inteligencia tecnol\u00f3gica, a los efectos de neutralizar la dependencia a una importaci\u00f3n que aprovecha dicha circunstancia y de generar las fuentes de trabajo para dignificar la existencia de millones de argentinos.<\/p>\n<p>2. El descontrol que se produjo en las administraciones p\u00fablicas y en las empresas aut\u00e1rquicas, o concesionarias de los servicios p\u00fablicos, durante los \u00faltimos 15 a\u00f1os.<\/p>\n<p>Mientras el pa\u00eds se debat\u00eda en la incongruencia de pol\u00edticas err\u00e1ticas que s\u00f3lo serv\u00edan para profundizar la crisis social, las administraciones p\u00fablicas, tanto nacional, como provinciales y municipales, as\u00ed como las empresas de servicios, segu\u00edan conformando espacios de especulaci\u00f3n electoral y sectorial.<\/p>\n<p>No se comprend\u00eda que el peso de sus ineficiencias y la falta de compromiso social se convert\u00edan en una asfixiante carga tributaria y de tarifas sobre una cada vez m\u00e1s peque\u00f1a porci\u00f3n de la producci\u00f3n, el trabajo registrado y la poblaci\u00f3n en general, mientras eran expulsadas de la econom\u00eda formal miles de Pyme, con sus trabajadores.<\/p>\n<p>El ejemplo m\u00e1s palpable lo simboliza el enfrentamiento entre el gremio y la direcci\u00f3n de la Empresa Provincial de Energ\u00eda (Epec), ech\u00e1ndose las culpas unos a otros por los costos de prerrogativas que inciden en la composici\u00f3n de sus exigencias tarifarias.<\/p>\n<p>3. La profundizaci\u00f3n de la pobreza en vastos sectores de la poblaci\u00f3n, que como bot\u00edn de campa\u00f1as electorales sirvi\u00f3 para contenerlos con planes y programas meticulosamente elaborados para que sirvan a la especulaci\u00f3n electoral.<\/p>\n<p>Cuando una cada vez m\u00e1s importante porci\u00f3n de la poblaci\u00f3n de un pa\u00eds queda supeditada a la injusticia social de tener que esperanzarse s\u00f3lo con promesas de campa\u00f1a, ello constituye la mayor sinraz\u00f3n de un pa\u00eds que tiene todo lo que se necesita para vivir dignamente, poder trabajar y producir, por lo menos, lo que consume.<\/p>\n<p>4. La falta absoluta de responsabilidad social de la dirigencia del pa\u00eds, por seguir postergando el desarrollo social detr\u00e1s de un crecimiento econ\u00f3mico que esconde la operaci\u00f3n con inversiones extranjeras de un mercado de capitales regidos por la especulaci\u00f3n financiera y en sinton\u00eda con un club de empresas que, por medio de las monumentales obras p\u00fablicas, son las \u00fanicas capaces de realizarlas.<\/p>\n<p>La soluci\u00f3n definitiva del costo argentino, la inclusi\u00f3n social y laboral de millones y el pago de impuestos y tarifas acordes con la posibilidad de tributar de cada uno depender\u00e1n, inexorablemente, de las soluciones que aportemos para terminar con la crisis actual, sintetizada en los factores se\u00f1alados.<\/p>\n<p>Y ello ser\u00e1 posible, adem\u00e1s, si el crecimiento econ\u00f3mico tan publicitado lleva impl\u00edcitamente adosado el desarrollo social que muchos argentinos esperamos, seg\u00fan la potencialidad y el esfuerzo de miles de Pyme que son el motor imprescindible para que el pa\u00eds vuelva a ser el que cobije a una sociedad organizada, \u00e1vida de su realizaci\u00f3n trascendente.<\/p>\n<p>* Arquitecto, exministro de Obras y Servicios P\u00fablicos de C\u00f3rdoba<\/p>\n<p>Fuente: <a href=\"http:\/\/www.lavoz.com.ar\/opinion\/otras-verdades-sobre-impuestos-y-tarifas?cx_level=mas_de\">La Voz del Interior<\/a><\/p>\n","protected":false},"excerpt":{"rendered":"<p>No se debe culpar al pueblo de la desastrosa situaci\u00f3n que hoy vivimos los argentinos, teniendo en cuenta que los que gobernaron en nombre y al servicio del pa\u00eds fracasaron en sus cometidos <\/p>\n","protected":false},"author":1,"featured_media":0,"comment_status":"open","ping_status":"open","sticky":false,"template":"","format":"standard","meta":{"_acf_changed":false,"footnotes":""},"categories":[6],"tags":[318,39,319,320,139,321,322,323,46],"class_list":["post-4055","post","type-post","status-publish","format-standard","hentry","category-notas-de-opinion","tag-administracion-publica","tag-argentina","tag-audiencias-publicas","tag-desarrollo-social","tag-gobierno","tag-inclusion-social","tag-inversiones-extranjeras","tag-perfil-productivo","tag-pobreza","et-doesnt-have-format-content","et_post_format-et-post-format-standard"],"acf":[],"_links":{"self":[{"href":"https:\/\/delfoscba.com.ar\/dev\/wp-json\/wp\/v2\/posts\/4055","targetHints":{"allow":["GET"]}}],"collection":[{"href":"https:\/\/delfoscba.com.ar\/dev\/wp-json\/wp\/v2\/posts"}],"about":[{"href":"https:\/\/delfoscba.com.ar\/dev\/wp-json\/wp\/v2\/types\/post"}],"author":[{"embeddable":true,"href":"https:\/\/delfoscba.com.ar\/dev\/wp-json\/wp\/v2\/users\/1"}],"replies":[{"embeddable":true,"href":"https:\/\/delfoscba.com.ar\/dev\/wp-json\/wp\/v2\/comments?post=4055"}],"version-history":[{"count":0,"href":"https:\/\/delfoscba.com.ar\/dev\/wp-json\/wp\/v2\/posts\/4055\/revisions"}],"wp:attachment":[{"href":"https:\/\/delfoscba.com.ar\/dev\/wp-json\/wp\/v2\/media?parent=4055"}],"wp:term":[{"taxonomy":"category","embeddable":true,"href":"https:\/\/delfoscba.com.ar\/dev\/wp-json\/wp\/v2\/categories?post=4055"},{"taxonomy":"post_tag","embeddable":true,"href":"https:\/\/delfoscba.com.ar\/dev\/wp-json\/wp\/v2\/tags?post=4055"}],"curies":[{"name":"wp","href":"https:\/\/api.w.org\/{rel}","templated":true}]}}