{"id":4075,"date":"2018-05-07T13:06:11","date_gmt":"2018-05-07T16:06:11","guid":{"rendered":"https:\/\/delfosold.exportech.com.ar\/?p=4075"},"modified":"2018-05-07T13:06:11","modified_gmt":"2018-05-07T16:06:11","slug":"efectos-socioeconomicos-de-gestion-hipotesis-para-2018","status":"publish","type":"post","link":"https:\/\/delfoscba.com.ar\/dev\/notas-de-opinion\/efectos-socioeconomicos-de-gestion-hipotesis-para-2018\/","title":{"rendered":"Efectos socioecon\u00f3micos de gesti\u00f3n: hip\u00f3tesis para 2018"},"content":{"rendered":"<p>Por <strong>Norman Berra<\/strong><\/p>\n<p><img decoding=\"async\" class=\"alignleft wp-image-4076 size-medium\" src=\"https:\/\/delfoscba.com.ar\/\/dev\/\/wp-content\/uploads\/2018\/05\/PROBLEMAS-TAQUION-ABRIL-1-300x162.jpg\" alt=\"\" width=\"300\" height=\"162\" srcset=\"https:\/\/delfoscba.com.ar\/dev\/wp-content\/uploads\/2018\/05\/PROBLEMAS-TAQUION-ABRIL-1-300x162.jpg 300w, https:\/\/delfoscba.com.ar\/dev\/wp-content\/uploads\/2018\/05\/PROBLEMAS-TAQUION-ABRIL-1-768x415.jpg 768w, https:\/\/delfoscba.com.ar\/dev\/wp-content\/uploads\/2018\/05\/PROBLEMAS-TAQUION-ABRIL-1.jpg 1000w\" sizes=\"(max-width: 300px) 100vw, 300px\" \/>Cerr\u00e1bamos el post anterior evaluando que datos consistentes y convergentes de fuentes independientes perfilan dos escenarios: de m\u00ednima, que la pobreza en los dos primeros a\u00f1os de la gesti\u00f3n Cambiemos se mantuvo en los mismos niveles del cierre de la gesti\u00f3n CFK, pero con el agravante de la ca\u00edda de 5 puntos porcentuales de la clase media a la baja superior (mediciones propias de Delfos); o, peor todav\u00eda, que la pobreza aument\u00f3 en torno a 5 puntos porcentuales (estimaci\u00f3n de Artemio L\u00f3pez). En lo que va de este a\u00f1o, las tendencias agravan el panorama: con los aumentos de gas natural y electricidad concretados desde 2015 y acelerados en estos primeros meses del 2018, esos servicios pasaron de representar el 1,4% al 7,4% del salario promedio de los trabajadores registrados del sector privado y del 2,7% al 14,5% de los ingresos del conjunto de los ocupados, seg\u00fan informe de CIFRA. En el mismo sentido de deterioro, en s\u00f3lo un trimestre los salarios perdieron casi 3 puntos contra la inflaci\u00f3n (2,7): seg\u00fan datos del Ministerio de Trabajo, durante diciembre (2017), enero y febrero (2018), los salarios en blanco tuvieron una mejora del 4,8%, mientras que la inflaci\u00f3n fue del 7,5%. As\u00ed, por la mayor inflaci\u00f3n de los \u00faltimos meses, los salarios formales perdieron 2,7 puntos respecto a la inflaci\u00f3n oficial. Los salarios aumentaron el 0,5% en diciembre, el 2,4 % en enero y el 1,9% en febrero. Mientras que la inflaci\u00f3n en esos meses fue del 3,1%, 1,8% y 2,4%, respectivamente, seg\u00fan el Indec.<\/p>\n<p>La brecha entre salarios e inflaci\u00f3n obedece a que la mayor\u00eda de las paritarias empezaron a renovar sus convenios salariales en marzo-abril por lo que los sueldos siguen reflejando las paritarias del a\u00f1o pasado. En cambio, la inflaci\u00f3n fue en ascenso, en especial en diciembre y febrero, muy por encima de los salarios. Seg\u00fan datos oficiales, en 2016 los salarios tuvieron un alza promedio del 30,9% contra una inflaci\u00f3n del 41%; en tanto, en 2017 los salarios aumentaron en promedio el 27,1% y la inflaci\u00f3n promedio fue del 24,8%. As\u00ed, los salarios concluyeron en 2017 casi 8 puntos por debajo de los niveles de fines de 2015, otro dato que muestra la inconsistencia de la baja de pobreza festejada por el gobierno, y que en cambio tiende a confirmar los escenarios de deterioro que arrojan, si bien con matices, los estudios nacionales de Delfos y otras estimaciones (que convergen en un deterioro relativo en torno a los 5 puntos porcentuales en el sentido de movilidad social descendente). Al iniciarse este a\u00f1o, el gobierno destac\u00f3 que los salarios aumentar\u00edan a la par de la inflaci\u00f3n, pero dada la aceleraci\u00f3n inflacionaria actual la mayor\u00eda de las consultoras y analistas descreen que eso sea posible ya que se estima una suba de precios por encima del 20%, mientras las autoridades se plantaron en mantener la pauta del 15% para las paritarias de este a\u00f1o (y la mayor\u00eda de los convenios cerrados hasta ahora gira en torno a esa cifra; ver datos abajo, click para agrandar).<img fetchpriority=\"high\" decoding=\"async\" class=\"wp-image-4077 size-medium aligncenter\" src=\"https:\/\/delfoscba.com.ar\/\/dev\/\/wp-content\/uploads\/2018\/05\/PARITARIAS-MARZO-2018-2-300x260.jpg\" alt=\"\" width=\"300\" height=\"260\" srcset=\"https:\/\/delfoscba.com.ar\/dev\/wp-content\/uploads\/2018\/05\/PARITARIAS-MARZO-2018-2-300x260.jpg 300w, https:\/\/delfoscba.com.ar\/dev\/wp-content\/uploads\/2018\/05\/PARITARIAS-MARZO-2018-2-1024x886.jpg 1024w, https:\/\/delfoscba.com.ar\/dev\/wp-content\/uploads\/2018\/05\/PARITARIAS-MARZO-2018-2-768x665.jpg 768w, https:\/\/delfoscba.com.ar\/dev\/wp-content\/uploads\/2018\/05\/PARITARIAS-MARZO-2018-2-1080x935.jpg 1080w, https:\/\/delfoscba.com.ar\/dev\/wp-content\/uploads\/2018\/05\/PARITARIAS-MARZO-2018-2.jpg 1370w\" sizes=\"(max-width: 300px) 100vw, 300px\" \/><\/p>\n<p>En este marco, de haber una correspondencia entre la ca\u00edda de 8 puntos del salario y la movilidad social descendente en torno a los 5 puntos porcentuales entre 2015 y 2018, se podr\u00eda estimar que si al cierre del 2018 el salario pierde alrededor de 5 puntos contra la inflaci\u00f3n anual (estimando paritarias en un promedio de 15% e inflaci\u00f3n en torno al 20%) el deterioro a nivel socioecon\u00f3mico podr\u00eda rondar los 3 puntos este a\u00f1o (merma que podr\u00eda ser mayor si la inflaci\u00f3n supera el 20% y los salarios no se revisan hacia arriba, o lo hacen con delay). Habr\u00eda que ver si ese empeoramiento relativo se traduce en t\u00e9rminos de niveles como una nueva ca\u00edda de la clase media (de 5 puntos en dos a\u00f1os de gesti\u00f3n Cambiemos) hacia la baja superior o en un descenso ya m\u00e1s sensible hacia la clase baja inferior, a la que podemos considerar pobre estructural. Esto sugiere un efecto socioecon\u00f3mico ya m\u00e1s cercano al escenario perfilado por el consultor Artemio L\u00f3pez que al deterioro m\u00e1s gradual observado hasta fines de 2017, amortiguado en gran parte por la relativa heterodoxia practicada por el gobierno en un a\u00f1o electoral (y, ciertamente, no este a\u00f1o).<\/p>\n<p>Dada esta coyuntura socioecon\u00f3mica, no sorprende que la inflaci\u00f3n siga confirm\u00e1ndose como la principal preocupaci\u00f3n de los argentinos, seg\u00fan un reciente estudio de opini\u00f3n elaborado por las consultoras Taqui\u00f3n y 3puntozero sobre una muestra nacional de 1.632 casos (ver datos arriba; click para agrandar). Casi el 22% cree que la suba del costo de vida es el \u00abprincipal\u00bb problema del pa\u00eds. En segundo lugar se ubic\u00f3 la inseguridad ( 19%); con 14,4%, la corrupci\u00f3n disputa la tercera posici\u00f3n con la pobreza (14,4%). Cerca, aparecen la educaci\u00f3n (12,7%) y el desempleo (casi 12%). En conjunto, los problemas ligados a la econom\u00eda alcanzan el 48%, casi la mitad de las menciones totales. Seg\u00fan el director de Taqui\u00f3n, Sergio Doval, lo m\u00e1s perjudicial de la inflaci\u00f3n es la p\u00e9rdida del poder adquisitivo. \u00abLa inflaci\u00f3n es una de las caracter\u00edsticas m\u00e1s claras de los problemas de la econom\u00eda y es comprensible porque trae distorsiones que hacen que la gente empiece a sentir que no gana lo suficiente. Los cambios que son producto de la inflaci\u00f3n, como los ajustes salariales generalmente tienen defasajes y el salario queda atrasado, y eso genera mucha preocupaci\u00f3n\u00bb, explic\u00f3. Para Doval, el segundo principal problema tambi\u00e9n deviene de los problemas econ\u00f3micos. \u00abLa econom\u00eda de bolsillo es lo que termina generando problemas para la gente y eso impacta en la inseguridad, porque mucha gente termina volc\u00e1ndose ah\u00ed cuando no tiene salida\u00bb, sostuvo. De acuerdo al consultor, esos dos \u201cissues\u201d se alternan en el podio de las preocupaciones. \u00abLa inseguridad se mueve en la opini\u00f3n p\u00fablica en base a determinados casos. Hoy en d\u00eda la inflaci\u00f3n le gana\u00bb, asegur\u00f3 Doval, y agreg\u00f3 que s\u00f3lo el gobierno nacional tiene la llave para destronar ese problema. \u00abEl gobierno debe lograr controlarla y poder trasmitir a la poblaci\u00f3n una sensaci\u00f3n de confianza, que es el primer elemento que termina de derruir la inflaci\u00f3n, m\u00e1s all\u00e1 los elementos t\u00e9cnicos. Hay una parte de lo construido a trav\u00e9s de la sociedad que empieza a demostrar que hay bases muy l\u00e1biles para la confianza: casi 60% no creen en ning\u00fan de los representantes y la inflaci\u00f3n es una expresi\u00f3n de eso\u00bb, concluy\u00f3 el director de Taqui\u00f3n.<\/p>\n<p>Fuente: <a href=\"http:\/\/climadeopinion.blogspot.com.ar\/2018\/04\/efectos-socioeconomicos-de-gestion_27.html\">Clima de Opini\u00f3n<\/a><\/p>\n","protected":false},"excerpt":{"rendered":"<p>En el 2018 los problemas principales son la inflaci\u00f3n y la consecuente perdida de poder adquisitivo<\/p>\n","protected":false},"author":1,"featured_media":0,"comment_status":"open","ping_status":"open","sticky":false,"template":"","format":"standard","meta":{"_acf_changed":false,"footnotes":""},"categories":[6],"tags":[267,145,140,46,327,56],"class_list":["post-4075","post","type-post","status-publish","format-standard","hentry","category-notas-de-opinion","tag-cambiemos","tag-inflacion","tag-macri","tag-pobreza","tag-poder-adquisitivo","tag-politica","et-doesnt-have-format-content","et_post_format-et-post-format-standard"],"acf":[],"_links":{"self":[{"href":"https:\/\/delfoscba.com.ar\/dev\/wp-json\/wp\/v2\/posts\/4075","targetHints":{"allow":["GET"]}}],"collection":[{"href":"https:\/\/delfoscba.com.ar\/dev\/wp-json\/wp\/v2\/posts"}],"about":[{"href":"https:\/\/delfoscba.com.ar\/dev\/wp-json\/wp\/v2\/types\/post"}],"author":[{"embeddable":true,"href":"https:\/\/delfoscba.com.ar\/dev\/wp-json\/wp\/v2\/users\/1"}],"replies":[{"embeddable":true,"href":"https:\/\/delfoscba.com.ar\/dev\/wp-json\/wp\/v2\/comments?post=4075"}],"version-history":[{"count":0,"href":"https:\/\/delfoscba.com.ar\/dev\/wp-json\/wp\/v2\/posts\/4075\/revisions"}],"wp:attachment":[{"href":"https:\/\/delfoscba.com.ar\/dev\/wp-json\/wp\/v2\/media?parent=4075"}],"wp:term":[{"taxonomy":"category","embeddable":true,"href":"https:\/\/delfoscba.com.ar\/dev\/wp-json\/wp\/v2\/categories?post=4075"},{"taxonomy":"post_tag","embeddable":true,"href":"https:\/\/delfoscba.com.ar\/dev\/wp-json\/wp\/v2\/tags?post=4075"}],"curies":[{"name":"wp","href":"https:\/\/api.w.org\/{rel}","templated":true}]}}