{"id":4098,"date":"2018-05-11T15:44:03","date_gmt":"2018-05-11T18:44:03","guid":{"rendered":"https:\/\/delfosold.exportech.com.ar\/?p=4098"},"modified":"2021-04-13T12:53:39","modified_gmt":"2021-04-13T12:53:39","slug":"efectos-socioeconomicos-impacto-de-las-tarifas-en-el-consumo-y-en-la-gestion","status":"publish","type":"post","link":"https:\/\/delfoscba.com.ar\/dev\/notas-de-opinion\/efectos-socioeconomicos-impacto-de-las-tarifas-en-el-consumo-y-en-la-gestion\/","title":{"rendered":"Efectos socioecon\u00f3micos: impacto de las tarifas en el consumo y en la gesti\u00f3n"},"content":{"rendered":"<p>Por <strong>Norman Berra<\/strong><br \/>\n<img fetchpriority=\"high\" decoding=\"async\" class=\"alignleft wp-image-4099 size-medium\" src=\"https:\/\/delfoscba.com.ar\/\/dev\/\/wp-content\/uploads\/2018\/05\/ICC-ABRIL-2018-1.-300x204.jpg\" alt=\"\" width=\"300\" height=\"204\" srcset=\"https:\/\/delfoscba.com.ar\/dev\/wp-content\/uploads\/2018\/05\/ICC-ABRIL-2018-1.-300x204.jpg 300w, https:\/\/delfoscba.com.ar\/dev\/wp-content\/uploads\/2018\/05\/ICC-ABRIL-2018-1.-768x523.jpg 768w, https:\/\/delfoscba.com.ar\/dev\/wp-content\/uploads\/2018\/05\/ICC-ABRIL-2018-1..jpg 900w\" sizes=\"(max-width: 300px) 100vw, 300px\" \/>Con un malestar socioecon\u00f3mico que ya super\u00f3 la etapa de latencia y pas\u00f3 al plano de lo manifiesto, lo previsible es que los aumentos de tarifas impulsados en el \u00faltimo trimestre agudicen el cuadro de crisis. Como referencia, desde diciembre de 2015, la incidencia de las tarifas de gas, luz y agua se triplic\u00f3 en el gasto de los hogares porte\u00f1os: pas\u00f3 del 2,45 al 7,8%. As\u00ed, mientras en esos 27 meses (a marzo de 2018) la inflaci\u00f3n promedio fue del 89,4%, las tarifas promedio de gas tuvieron un incremento del 360,6%, el servicio de agua el 370,8% y la electricidad el 1.036,7%. Aunque esos incrementos tarifarios toman en cuenta la tarifa social, en proporci\u00f3n esos servicios pesan m\u00e1s (en torno del 10%) en los hogares m\u00e1s pobres. A nivel nacional, con los aumentos de gas natural y electricidad concretados entre 2015\/18, esos servicios pasaron de representar el 1,4% al 7,4% del salario promedio de los trabajadores registrados del sector privado y del 2,7% al 14,5% de los ingresos del conjunto de los ocupados, seg\u00fan un informe de Cifra.<\/p>\n<p>Una encuesta reciente (realizada en marzo) midi\u00f3 la percepci\u00f3n de los aumentos de tarifas en la era Macri en la zona metropolitana, sobre una muestra de 500 casos en Capital y Gran Buenos Aires (GBA). En el apartado sobre \u00abHumor social\u00bb, una de las preguntas que realiz\u00f3 la consultora Grupo de Opini\u00f3n P\u00fablica fue \u00ab\u00bfcu\u00e1nto siente que le aumentaron las tarifas desde que asumi\u00f3 Macri?\u00bb El 25,8% dijo 300%, el 22,5% 500% y un 19,3% m\u00e1s del 1.000% (ver datos abajo; click para agrandar). La percepci\u00f3n del impacto fue transversal a todas las clases sociales. La consultora Analog\u00edas, por su parte, realiz\u00f3 un estudio de 3.985 casos en provincia de Buenos Aires, que arroj\u00f3 que el 83,9% de los bonaerenses cree que los aumentos de servicios p\u00fablicos impactan \u00abmucho o bastante\u00bb y 76,2% pide \u00abcongelamiento de tarifas\u00bb. Para m\u00e1s datos, Analog\u00edas indag\u00f3 a los bonaerenses si estaban enterados de los anuncios del gobierno de baja del \u00edndice de pobreza durante el 2017: el 66% contest\u00f3 que s\u00ed sab\u00eda, pero s\u00f3lo el 25% le cree, mientras que el 61% piensa que ese dato es falso. A nivel de expectativas, el 67% no espera un buen a\u00f1o en materia de econom\u00eda, ya que el 35% opina que habr\u00e1 estancamiento y el 32% m\u00e1s recesi\u00f3n; apenas un 21% espera el crecimiento. Respecto a la pauta inflacionaria para el 2018 (15%), el 88% de los bonaerenses espera valores mucho m\u00e1s altos. Lo mismo ocurre con la desocupaci\u00f3n: el 53% piensa que ser\u00e1 mayor, el 21% igual y s\u00f3lo el 18% que ser\u00e1 menor.<\/p>\n<p><img decoding=\"async\" class=\"aligncenter wp-image-4100 size-medium\" src=\"https:\/\/delfoscba.com.ar\/\/dev\/\/wp-content\/uploads\/2018\/05\/GOP-MARZO-IMPACTO-TARIFAS-2.-300x198.jpg\" alt=\"\" width=\"300\" height=\"198\" srcset=\"https:\/\/delfoscba.com.ar\/dev\/wp-content\/uploads\/2018\/05\/GOP-MARZO-IMPACTO-TARIFAS-2.-300x198.jpg 300w, https:\/\/delfoscba.com.ar\/dev\/wp-content\/uploads\/2018\/05\/GOP-MARZO-IMPACTO-TARIFAS-2..jpg 720w\" sizes=\"(max-width: 300px) 100vw, 300px\" \/>Las encuestas realizadas a nivel nacional tambi\u00e9n confirman c\u00f3mo el malestar permea en la econom\u00eda dom\u00e9stica de los argentinos. Un estudio de la Consultora de Imagen y Gesti\u00f3n Pol\u00edtica (CIGP) sobre una muestra de 976 casos en Capital y Gran Buenos Aires, Rosario, C\u00f3rdoba y Mendoza arroj\u00f3 que un 48,3% asegura que su sueldo \u00abno le alcanza para llegar a fin de mes\u00bb, un 52% dice que su situaci\u00f3n es \u00abpeor\u00bb que el a\u00f1o pasado y un 46% cree que ser\u00e1 \u00abpeor\u00bb en el pr\u00f3ximo. Sin duda, la mayor incidencia de los servicios en la econom\u00eda familiar es uno de los factores que permite entender el estancamiento del consumo en lo que va de la gesti\u00f3n Cambiemos. Seg\u00fan un informe de Ecolatina, \u201cel consumo masivo es una de las variables m\u00e1s golpeadas de los \u00faltimos a\u00f1os. En 2016, la actividad econ\u00f3mica disminuy\u00f3 casi 2% interanual, mientras que el consumo masivo se redujo m\u00e1s del doble (-4%). El a\u00f1o pasado el PBI trep\u00f3 casi 3%, a la par que el sector bajo an\u00e1lisis acumul\u00f3 su segundo a\u00f1o consecutivo de ca\u00edda (-1%). De este modo, mientras que entre 2015 y 2017 la actividad agregada registr\u00f3 un avance de 1%, el poder adquisitivo se redujo 1,1% y el consumo masivo marc\u00f3 un retroceso superior a 5%\u00bb.<\/p>\n<p>Como hemos explicitado frecuentemente, una de las premisas anal\u00edticas que nos gu\u00eda es que a mediano y largo plazo son los efectos socioecon\u00f3micos los que construyen las tendencias de opini\u00f3n p\u00fablica, m\u00e1s all\u00e1 de los vaivenes de la coyuntura. Otra de las premisas claves se relaciona con aquella, y es la siguiente: no hay opini\u00f3n p\u00fablica por un lado y mercado por otro, sino una comunidad que consume y que vota, y entre ambas conductas (voto, o en sentido m\u00e1s general, aprobaci\u00f3n o no de gobiernos y figuras pol\u00edticas, y consumo) hay vasos comunicantes (aunque no lecturas lineales). Vale decir, si el consumo masivo se ve afectado durante suficiente tiempo (mediano o largo plazo), en alg\u00fan momento eso afectar\u00e1 tambi\u00e9n la percepci\u00f3n del desempe\u00f1o del gobierno. Eso es lo que surge del \u00cdndice de Confianza en el Gobierno (ICG) medido por la Universidad Torcuato Di Tella (UTDT), que en abril de 2018, registr\u00f3 el menor nivel desde que la administraci\u00f3n de Cambiemos lleg\u00f3 al poder. Seg\u00fan el \u00faltimo informe, el valor de ese mes fue de 2,07, lo que significa una ca\u00edda de 11% respecto de marzo (2,32). \u00abSe trata del menor nivel registrado durante la administraci\u00f3n de Mauricio Macri, algo por debajo del anterior piso de 2,24 puntos alcanzado en julio de 2017. En t\u00e9rminos interanuales la ca\u00edda fue del 21%\u00bb, afirma el informe. Como marco interpretativo, seg\u00fan el estudio, \u201cdicha evoluci\u00f3n negativa general refleja un contexto en que el debate p\u00fablico tematiza las nuevas subas de tarifas de servicios p\u00fablicos, la imposibilidad de alcanzar la pauta de inflaci\u00f3n del gobierno, y varios conflictos de intereses y\/o inversiones cuestionables por parte de importantes funcionarios del Poder Ejecutivo Nacional\u201d. Reforzando la convergencia entre pol\u00edtica y consumo, el \u00cdndice de Confianza del Consumidor (ICC) medido por la misma entidad tambi\u00e9n cay\u00f3 en abril un 8,5% con respecto al mes de marzo y un 13,2% en la comparaci\u00f3n interanual, es decir, comparado con abril de 2017 (ver datos arriba; click para agrandar).<\/p>\n<p>Fuente: <a href=\"http:\/\/climadeopinion.blogspot.com.ar\/2018\/05\/efectos-socioeconomicos-impacto-de-las.html\">Clima de Opini\u00f3n<\/a><\/p>\n","protected":false},"excerpt":{"rendered":"<p>Las tarifas agudizan la crisis y las expectativas de la poblaci\u00f3n empeoran<\/p>\n","protected":false},"author":1,"featured_media":4103,"comment_status":"open","ping_status":"open","sticky":false,"template":"","format":"standard","meta":{"_acf_changed":false,"footnotes":""},"categories":[6],"tags":[328,39,267,156,42,97,329,330,140,56,331],"class_list":["post-4098","post","type-post","status-publish","format-standard","has-post-thumbnail","hentry","category-notas-de-opinion","tag-agua","tag-argentina","tag-cambiemos","tag-consultora-delfos","tag-economia","tag-elecciones","tag-energia","tag-gas","tag-macri","tag-politica","tag-tarifas","et-has-post-format-content","et_post_format-et-post-format-standard"],"acf":[],"_links":{"self":[{"href":"https:\/\/delfoscba.com.ar\/dev\/wp-json\/wp\/v2\/posts\/4098","targetHints":{"allow":["GET"]}}],"collection":[{"href":"https:\/\/delfoscba.com.ar\/dev\/wp-json\/wp\/v2\/posts"}],"about":[{"href":"https:\/\/delfoscba.com.ar\/dev\/wp-json\/wp\/v2\/types\/post"}],"author":[{"embeddable":true,"href":"https:\/\/delfoscba.com.ar\/dev\/wp-json\/wp\/v2\/users\/1"}],"replies":[{"embeddable":true,"href":"https:\/\/delfoscba.com.ar\/dev\/wp-json\/wp\/v2\/comments?post=4098"}],"version-history":[{"count":2,"href":"https:\/\/delfoscba.com.ar\/dev\/wp-json\/wp\/v2\/posts\/4098\/revisions"}],"predecessor-version":[{"id":10764,"href":"https:\/\/delfoscba.com.ar\/dev\/wp-json\/wp\/v2\/posts\/4098\/revisions\/10764"}],"wp:featuredmedia":[{"embeddable":true,"href":"https:\/\/delfoscba.com.ar\/dev\/wp-json\/wp\/v2\/media\/4103"}],"wp:attachment":[{"href":"https:\/\/delfoscba.com.ar\/dev\/wp-json\/wp\/v2\/media?parent=4098"}],"wp:term":[{"taxonomy":"category","embeddable":true,"href":"https:\/\/delfoscba.com.ar\/dev\/wp-json\/wp\/v2\/categories?post=4098"},{"taxonomy":"post_tag","embeddable":true,"href":"https:\/\/delfoscba.com.ar\/dev\/wp-json\/wp\/v2\/tags?post=4098"}],"curies":[{"name":"wp","href":"https:\/\/api.w.org\/{rel}","templated":true}]}}