{"id":4126,"date":"2018-05-17T12:32:54","date_gmt":"2018-05-17T15:32:54","guid":{"rendered":"https:\/\/delfosold.exportech.com.ar\/?p=4126"},"modified":"2021-04-13T12:46:45","modified_gmt":"2021-04-13T12:46:45","slug":"entre-el-escepticismo-politico-y-el-pesimismo-socioeconomico","status":"publish","type":"post","link":"https:\/\/delfoscba.com.ar\/dev\/notas-de-opinion\/entre-el-escepticismo-politico-y-el-pesimismo-socioeconomico\/","title":{"rendered":"Entre el escepticismo pol\u00edtico y el pesimismo socioecon\u00f3mico"},"content":{"rendered":"<p>Por <strong>Norman Berra<\/strong><br \/>\n<img decoding=\"async\" class=\"alignleft wp-image-4127 size-medium\" src=\"https:\/\/delfoscba.com.ar\/\/dev\/\/wp-content\/uploads\/2018\/05\/1-300x166.jpg\" alt=\"\" width=\"300\" height=\"166\" srcset=\"https:\/\/delfoscba.com.ar\/dev\/wp-content\/uploads\/2018\/05\/1-300x166.jpg 300w, https:\/\/delfoscba.com.ar\/dev\/wp-content\/uploads\/2018\/05\/1-1024x568.jpg 1024w, https:\/\/delfoscba.com.ar\/dev\/wp-content\/uploads\/2018\/05\/1-768x426.jpg 768w, https:\/\/delfoscba.com.ar\/dev\/wp-content\/uploads\/2018\/05\/1.jpg 1068w\" sizes=\"(max-width: 300px) 100vw, 300px\" \/>Plante\u00e1bamos en el post anterior que la ruptura de las promesas marcarias que Cambiemos realiz\u00f3 para ganar el ballotage del 2015 est\u00e1 en el n\u00facleo del desgaste visible en el \u00faltimo cuatrimestre. Es decir, el bienestar socioecon\u00f3mico esperado que ven\u00eda traccionando las expectativas se est\u00e1 esfumando y esa desilusi\u00f3n arrastra a la baja la imagen y la aprobaci\u00f3n del gobierno. Esto se pone en evidencia claramente en el estudio de la Universidad de San Andr\u00e9s que citamos en el post anterior. La Encuesta de Satisfacci\u00f3n Pol\u00edtica y Opini\u00f3n P\u00fablica que realiza esa universidad arroja que la satisfacci\u00f3n y la aprobaci\u00f3n del gobierno est\u00e1n acompasadas, mostrando el mismo patr\u00f3n en la serie evolutiva. En los \u00faltimos meses, ambos \u00edndices marcan un deterioro para el gobierno. La aprobaci\u00f3n tuvo una baja de 20 puntos respecto a octubre de 2017. Ese punto marc\u00f3 un 66% durante el mes de los comicios de medio t\u00e9rmino. Sin embargo, a seis meses de las elecciones, el gobierno cosech\u00f3 en abril 46% de aprobaci\u00f3n. El mismo comportamiento se observa en satisfacci\u00f3n: en octubre Cambiemos toc\u00f3 su pico con un 53%, mientras que en abril de 2018 la satisfacci\u00f3n cay\u00f3 a un 30%, marcando as\u00ed una baja de 23 puntos porcentuales en apenas 6 meses (ver datos arriba; click para agrandar).<\/p>\n<p><img fetchpriority=\"high\" decoding=\"async\" class=\"aligncenter wp-image-4131 size-medium\" src=\"https:\/\/delfoscba.com.ar\/\/dev\/\/wp-content\/uploads\/2018\/05\/2-300x225.jpg\" alt=\"\" width=\"300\" height=\"225\" srcset=\"https:\/\/delfoscba.com.ar\/dev\/wp-content\/uploads\/2018\/05\/2-300x225.jpg 300w, https:\/\/delfoscba.com.ar\/dev\/wp-content\/uploads\/2018\/05\/2-768x576.jpg 768w, https:\/\/delfoscba.com.ar\/dev\/wp-content\/uploads\/2018\/05\/2.jpg 960w\" sizes=\"(max-width: 300px) 100vw, 300px\" \/><\/p>\n<p>Asimismo, diversas mediciones coinciden en que se ha acompasado el escepticismo pol\u00edtico con el pesimismo en materia econ\u00f3mica. Profundicemos el an\u00e1lisis de los datos que ilustran el primero: un estudio nacional de Rouvier y Asociados realizado sobre una muestra nacional de 1.200 casos relevados de manera telef\u00f3nica entre el 3 y el 25 de abril mostr\u00f3 que persiste la tendencia negativa en la imagen presidencial \u201cque comenz\u00f3 en diciembre con la ley previsional, a lo que se sum\u00f3 el caso Triaca y la inflaci\u00f3n. La gesti\u00f3n sigue siendo menos valorada que su imagen y tambi\u00e9n se encuentra en l\u00ednea decreciente\u201d, apunt\u00f3 el informe. La imagen positiva alcanza 42,1% y la negativa 54,4%, de lo que resulta un diferencial desfavorable de 12,3 puntos porcentuales (ver datos arriba; click para agrandar). El evolutivo tambi\u00e9n muestra el pico de imagen negativa desde que Macri gobierna (ver datos abajo; click para agrandar). Al pasar a la evaluaci\u00f3n del gobierno, el desempe\u00f1o es a\u00fan peor: 39,1% positivo y 56,8%, lo que arroja un diferencial negativo de casi 18 puntos porcentuales (17,7; ver datos abajo, click para agrandar). Como era previsible, tambi\u00e9n en este indicador la serie muestra el pico de evaluaci\u00f3n negativa (ver datos arriba; click para agrandar). Pasando al an\u00e1lisis del pesimismo econ\u00f3mico, el estudio de Rouvier muestra que contin\u00faa la p\u00e9rdida de confianza: la expectativa sobre una merma del alza de precios es baja y el 65% cree que durante el 2018 la inflaci\u00f3n no disminuir\u00e1 (ver datos abajo; click para agrandar). Respecto a las expectativas econ\u00f3micas generales, la positiva es de apenas 27,4% y la negativa del 46,1%, lo que arroja un diferencial negativo de casi 19 puntos porcentuales (18,7%; ver datos abajo, click para agrandar). El 27,4% de expectativa positiva est\u00e1 en el orden de magnitud de los votos obtenidos por Macri en la PASO del 2015 (24,15%), lo que sugiere que ese \u201cacto de fe\u201d va limit\u00e1ndose progresivamente al n\u00facleo m\u00e1s duro de Cambiemos, mientras que el pesimismo se expande en el conjunto de los dem\u00e1s electores.<\/p>\n<p><img decoding=\"async\" class=\"aligncenter wp-image-4130 size-medium\" src=\"https:\/\/delfoscba.com.ar\/\/dev\/\/wp-content\/uploads\/2018\/05\/3-300x225.jpg\" alt=\"\" width=\"300\" height=\"225\" srcset=\"https:\/\/delfoscba.com.ar\/dev\/wp-content\/uploads\/2018\/05\/3-300x225.jpg 300w, https:\/\/delfoscba.com.ar\/dev\/wp-content\/uploads\/2018\/05\/3-768x576.jpg 768w, https:\/\/delfoscba.com.ar\/dev\/wp-content\/uploads\/2018\/05\/3.jpg 960w\" sizes=\"(max-width: 300px) 100vw, 300px\" \/><\/p>\n<p>Articulando con nuestra premisa anal\u00edtica de que el estado del consumo y las actitudes pol\u00edticas van convergiendo, un estudio de una consultora especializada en consumo ya hab\u00eda arrojado que las esperanzas del p\u00fablico en la situaci\u00f3n econ\u00f3mica durante el primer trimestre del 2018 fueron las m\u00e1s bajas desde el cambio de Gobierno. Influyeron en esta evaluaci\u00f3n los resultados el aumento de las tarifas y el transporte p\u00fablico: poco m\u00e1s de la mitad de los argentinos adultos dice que lo que gana no le alcanza para vivir de acuerdo con sus necesidades y adem\u00e1s, debido al aumento de tarifas, tambi\u00e9n pierden confianza en la econom\u00eda hacia el futuro, seg\u00fan un informe de la consultora Kantar TNS. El dato corresponde al \u00cdndice General de Expectativas Econ\u00f3micas (IGEE) de marzo elaborado por esa consultora internacional. Seg\u00fan el estudio, el 53% sostiene que los ingresos que tiene \u00abno le alcanzan\u00bb para cubrir lo que deber\u00edan ser sus gastos. \u00abEsta situaci\u00f3n se acent\u00faa principalmente en los niveles socioecon\u00f3micos medio bajos y bajos y, en el Gran Buenos Aires, dato que marca una disminuci\u00f3n del poder adquisitivo respecto a los \u00faltimos dos a\u00f1os\u00bb, explic\u00f3 la investigadora Mercedes Ruiz Barrio.<\/p>\n<p><img loading=\"lazy\" decoding=\"async\" class=\"aligncenter wp-image-4129 size-medium\" src=\"https:\/\/delfoscba.com.ar\/\/dev\/\/wp-content\/uploads\/2018\/05\/4-300x225.jpg\" alt=\"\" width=\"300\" height=\"225\" srcset=\"https:\/\/delfoscba.com.ar\/dev\/wp-content\/uploads\/2018\/05\/4-300x225.jpg 300w, https:\/\/delfoscba.com.ar\/dev\/wp-content\/uploads\/2018\/05\/4-768x576.jpg 768w, https:\/\/delfoscba.com.ar\/dev\/wp-content\/uploads\/2018\/05\/4.jpg 960w\" sizes=\"(max-width: 300px) 100vw, 300px\" \/><\/p>\n<p>Ese informe se dio a conocer cuando se produjo el pico de tensi\u00f3n pol\u00edtica por el incremento de las tarifas de electricidad y gas. El IGEE de marzo (que midi\u00f3 la percepci\u00f3n de la poblaci\u00f3n sobre la situaci\u00f3n econ\u00f3mica y laboral en el pa\u00eds) report\u00f3 nuevamente una ca\u00edda, debido a un deterioro en la percepci\u00f3n del p\u00fablico sobre la situaci\u00f3n econ\u00f3mica futura y respecto de la oportunidad para adquirir bienes durables. \u00abEl primer trimestre del a\u00f1o cierra con incertidumbre. Si bien hay un crecimiento de 4% en la comparaci\u00f3n interanual -a marzo 2017-, el IGEE se volvi\u00f3 a comportar a la baja. Recordemos que las expectativas generales en el primer trimestre 2017 fue el m\u00e1s bajo desde el cambio de gobierno\u00bb, se\u00f1al\u00f3 Ruiz Barrio. El estudio de Kantar TNS indica que en el tercer mes de a\u00f1o las expectativas econ\u00f3micas del p\u00fablico cayeron 2% con respecto al mes anterior. \u00abEn este escenario contin\u00faa la alerta en relaci\u00f3n con la incertidumbre sobre el futuro: es una preocupaci\u00f3n mayor la econom\u00eda futura que la percepci\u00f3n de la cantidad de puestos laborales en el mediano plazo\u00bb, explica el informe. En s\u00edntesis, en la medida en que el gobierno no logre achicar la brecha entre las expectativas vinculadas a su promesa marcaria original de bienestar y la situaci\u00f3n percibida (de franco deterioro), es probable que el desgaste se consolide y que el escepticismo pol\u00edtico sea reemplazado por un pesimismo liso y llano a partir del cual los desencantados comiencen a explorar una alternativa pol\u00edtica de cara al 2019.<\/p>\n<p><img loading=\"lazy\" decoding=\"async\" class=\"aligncenter wp-image-4128 size-medium\" src=\"https:\/\/delfoscba.com.ar\/\/dev\/\/wp-content\/uploads\/2018\/05\/5-300x225.jpg\" alt=\"\" width=\"300\" height=\"225\" srcset=\"https:\/\/delfoscba.com.ar\/dev\/wp-content\/uploads\/2018\/05\/5-300x225.jpg 300w, https:\/\/delfoscba.com.ar\/dev\/wp-content\/uploads\/2018\/05\/5-768x576.jpg 768w, https:\/\/delfoscba.com.ar\/dev\/wp-content\/uploads\/2018\/05\/5.jpg 960w\" sizes=\"(max-width: 300px) 100vw, 300px\" \/><\/p>\n<p>Fuente: <a href=\"http:\/\/climadeopinion.blogspot.com.ar\/2018\/05\/entre-el-escepticismo-politico-y-el.html\">Clima de Opini\u00f3n<\/a><\/p>\n","protected":false},"excerpt":{"rendered":"<p>El bienestar socioecon\u00f3mico esperado que ven\u00eda traccionando las expectativas se est\u00e1 esfumando y esa desilusi\u00f3n arrastra a la baja la imagen y la aprobaci\u00f3n del gobierno.<\/p>\n","protected":false},"author":1,"featured_media":4132,"comment_status":"open","ping_status":"open","sticky":false,"template":"","format":"standard","meta":{"_acf_changed":false,"footnotes":""},"categories":[6],"tags":[39,267,42,338,56],"class_list":["post-4126","post","type-post","status-publish","format-standard","has-post-thumbnail","hentry","category-notas-de-opinion","tag-argentina","tag-cambiemos","tag-economia","tag-expectativas","tag-politica","et-has-post-format-content","et_post_format-et-post-format-standard"],"acf":[],"_links":{"self":[{"href":"https:\/\/delfoscba.com.ar\/dev\/wp-json\/wp\/v2\/posts\/4126","targetHints":{"allow":["GET"]}}],"collection":[{"href":"https:\/\/delfoscba.com.ar\/dev\/wp-json\/wp\/v2\/posts"}],"about":[{"href":"https:\/\/delfoscba.com.ar\/dev\/wp-json\/wp\/v2\/types\/post"}],"author":[{"embeddable":true,"href":"https:\/\/delfoscba.com.ar\/dev\/wp-json\/wp\/v2\/users\/1"}],"replies":[{"embeddable":true,"href":"https:\/\/delfoscba.com.ar\/dev\/wp-json\/wp\/v2\/comments?post=4126"}],"version-history":[{"count":2,"href":"https:\/\/delfoscba.com.ar\/dev\/wp-json\/wp\/v2\/posts\/4126\/revisions"}],"predecessor-version":[{"id":10759,"href":"https:\/\/delfoscba.com.ar\/dev\/wp-json\/wp\/v2\/posts\/4126\/revisions\/10759"}],"wp:featuredmedia":[{"embeddable":true,"href":"https:\/\/delfoscba.com.ar\/dev\/wp-json\/wp\/v2\/media\/4132"}],"wp:attachment":[{"href":"https:\/\/delfoscba.com.ar\/dev\/wp-json\/wp\/v2\/media?parent=4126"}],"wp:term":[{"taxonomy":"category","embeddable":true,"href":"https:\/\/delfoscba.com.ar\/dev\/wp-json\/wp\/v2\/categories?post=4126"},{"taxonomy":"post_tag","embeddable":true,"href":"https:\/\/delfoscba.com.ar\/dev\/wp-json\/wp\/v2\/tags?post=4126"}],"curies":[{"name":"wp","href":"https:\/\/api.w.org\/{rel}","templated":true}]}}