{"id":4167,"date":"2018-06-07T12:51:45","date_gmt":"2018-06-07T15:51:45","guid":{"rendered":"https:\/\/delfosold.exportech.com.ar\/?p=4167"},"modified":"2021-04-13T12:44:54","modified_gmt":"2021-04-13T12:44:54","slug":"malestar-preexistente-fmi-envejecimiento-prematuro-de-la-marca-cambiemos","status":"publish","type":"post","link":"https:\/\/delfoscba.com.ar\/dev\/notas-de-opinion\/malestar-preexistente-fmi-envejecimiento-prematuro-de-la-marca-cambiemos\/","title":{"rendered":"Malestar preexistente + FMI: envejecimiento prematuro de la marca Cambiemos"},"content":{"rendered":"<p>Por:\u00a0<strong>Norman Berra<\/strong><br \/>\n<img fetchpriority=\"high\" decoding=\"async\" class=\"alignleft wp-image-4169 size-medium\" src=\"https:\/\/delfoscba.com.ar\/\/dev\/\/wp-content\/uploads\/2018\/06\/FMI-CORDOBA-300x169.jpg\" alt=\"\" width=\"300\" height=\"169\" srcset=\"https:\/\/delfoscba.com.ar\/dev\/wp-content\/uploads\/2018\/06\/FMI-CORDOBA-300x169.jpg 300w, https:\/\/delfoscba.com.ar\/dev\/wp-content\/uploads\/2018\/06\/FMI-CORDOBA-768x432.jpg 768w, https:\/\/delfoscba.com.ar\/dev\/wp-content\/uploads\/2018\/06\/FMI-CORDOBA.jpg 960w\" sizes=\"(max-width: 300px) 100vw, 300px\" \/>Cit\u00e1bamos en el post anterior una encuesta realizada por la consultora Delfos a fines de abril en la que el malestar con la forma en que el gobierno nacional maneja la econom\u00eda alcanzaba el 52% considerando las respuestas \u201cmal\u201d y \u201cmuy mal\u201d. Un estudio m\u00e1s reciente realizado en mayo por la consultora en provincia de C\u00f3rdoba (basti\u00f3n de Cambiemos en todas las elecciones nacionales desde octubre de 2015) detect\u00f3 que el 53% de los electores cordobeses est\u00e1 en desacuerdo con que el gobierno nacional negocie un pr\u00e9stamo con el FMI, contra un 22% que est\u00e1 de acuerdo, un 5% que no se inclina por ninguna postura y un 20% que no sabe o no responde. Es decir, existe una mayor\u00eda neta contraria a la iniciativa del oficialismo, en un distrito que (remarcamos) el a\u00f1o pasado le dio 48% de los votos a Cambiemos y que en el ballotage del 2015 acompa\u00f1\u00f3 a Mauricio Macri con m\u00e1s del 70%, lo que pone en evidencia que el malestar ya erosiona a la base electoral de la Alianza Cambiemos.<\/p>\n<p>El segundo dato desfavorable es que casi la mitad (48%) de los cordobeses cree que el acuerdo con el FMI empeorar\u00e1 el estado de la econom\u00eda argentina. Apenas un 22% opina que un acuerdo permitir\u00eda dejar atr\u00e1s la actual crisis, mientras que un 10% cree que la econom\u00eda seguir\u00e1 igual y un 20% no sabe o no contesta (ver datos arriba; click para agrandar). Aunque medido de una forma diferente a la que en su momento ensay\u00f3 la encuesta de D\u2019Alessio IROL\/Berensztein en la cual el escepticismo trepaba a casi el 60% (57%), el estudio de Delfos ratifica que hay muy pocas expectativas positivas en torno a la medida, confirmando as\u00ed que el FMI como significante simb\u00f3lico sigue asociado a momentos de crisis y no a una soluci\u00f3n, incluso en un distrito que, insistimos, ha sido favorable a Cambiemos en los \u00faltimos turnos electorales nacionales.<\/p>\n<p>Otro estudio que midi\u00f3 el efecto de las negociaciones con el FMI fue realizado por la consultora CIGP sobre una muestra de 1.167 casos en Ciudad Aut\u00f3noma de Buenos Aires (CABA) y provincia de Buenos Aires (PBA) entre el 9 y el 10 de mayo. Respecto al inicio de las negociaciones para obtener financiamiento del FMI, casi 52% (51,93%) dice estar en contra (el 34,45% manifiesta estar muy en desacuerdo y un 17,48% por ciento indica estar en desacuerdo, es decir que el desacuerdo es m\u00e1s fuerte en el nivel m\u00e1s intenso), mientras que un 17,74% por ciento expresa estar de acuerdo y un 17% muy de acuerdo, redondeando un acuerdo de casi el 35% (34,74%). Es decir, el desacuerdo supera el acuerdo por 17 puntos porcentuales en el conglomerado de los dos principales distritos gobernados por Cambiemos (ver datos abajo; click para agrandar). Si a ellos sumamos C\u00f3rdoba, tenemos que en los tres distritos m\u00e1s gravitantes en t\u00e9rminos electorales en el pa\u00eds el \u201cissue\u201d acuerdo con el FMI genera reacciones francamente adversas. En la misma l\u00ednea que en C\u00f3rdoba, tambi\u00e9n en CABA y PBA la expectativa se mantiene en terreno negativo: un 60% opina que la econom\u00eda empeorar\u00e1, contra apenas un 19% que entiende que mejorar\u00e1 y 15% que estima que seguir\u00e1 igual.<\/p>\n<p><img decoding=\"async\" class=\"aligncenter wp-image-4168 size-medium\" src=\"https:\/\/delfoscba.com.ar\/\/dev\/\/wp-content\/uploads\/2018\/06\/CIGP-FMI-300x211.jpg\" alt=\"\" width=\"300\" height=\"211\" srcset=\"https:\/\/delfoscba.com.ar\/dev\/wp-content\/uploads\/2018\/06\/CIGP-FMI-300x211.jpg 300w, https:\/\/delfoscba.com.ar\/dev\/wp-content\/uploads\/2018\/06\/CIGP-FMI.jpg 720w\" sizes=\"(max-width: 300px) 100vw, 300px\" \/><\/p>\n<p>Por su parte, la consultora Synopsis midi\u00f3 a nivel nacional el impacto del tema FMI en la confianza de los argentinos. El 60% se pronunci\u00f3 por la negativa, distribuida de la siguiente forma: casi un 28% (27,8%) dijo que nunca confi\u00f3 y un 32,2% dijo que dej\u00f3 de confiar. En cambio, un 37,8% se mostr\u00f3 confiado, dividido entre un 10% que dijo \u201cconfiar m\u00e1s que nunca\u201d y casi un 28% (27,8%) que sigue confiando. As\u00ed, la brecha desfavorable es de 22,2 puntos porcentuales (ver datos abajo; click para agrandar). En s\u00edntesis, todas las mediciones citadas muestran que el issue FMI profundiz\u00f3 el desgaste de la marca Cambiemos, al sumar una dosis extra de malestar al ya manifiesto desde hace meses.<\/p>\n<p><img decoding=\"async\" class=\"aligncenter wp-image-4170 size-medium\" src=\"https:\/\/delfoscba.com.ar\/\/dev\/\/wp-content\/uploads\/2018\/06\/SYNOPSIS-FMI-300x227.jpg\" alt=\"\" width=\"300\" height=\"227\" srcset=\"https:\/\/delfoscba.com.ar\/dev\/wp-content\/uploads\/2018\/06\/SYNOPSIS-FMI-300x227.jpg 300w, https:\/\/delfoscba.com.ar\/dev\/wp-content\/uploads\/2018\/06\/SYNOPSIS-FMI.jpg 640w\" sizes=\"(max-width: 300px) 100vw, 300px\" \/><\/p>\n<p>Fuente: <a href=\"http:\/\/climadeopinion.blogspot.com\/2018\/05\/malestar-preexistente-fmi.html\">Clima de Opini\u00f3n<\/a>.<\/p>\n","protected":false},"excerpt":{"rendered":"<p>La desconfianza y el rechazo provocado por el acuerdo con el FMI erosiona la base electoral de Cambiemos. <\/p>\n","protected":false},"author":1,"featured_media":4171,"comment_status":"open","ping_status":"open","sticky":false,"template":"","format":"standard","meta":{"_acf_changed":false,"footnotes":""},"categories":[6],"tags":[39,341,244,342,267,156,38,42,343,56],"class_list":["post-4167","post","type-post","status-publish","format-standard","has-post-thumbnail","hentry","category-notas-de-opinion","tag-argentina","tag-base-electoral","tag-buenos-aires","tag-caba","tag-cambiemos","tag-consultora-delfos","tag-cordoba","tag-economia","tag-fmi","tag-politica","et-has-post-format-content","et_post_format-et-post-format-standard"],"acf":[],"_links":{"self":[{"href":"https:\/\/delfoscba.com.ar\/dev\/wp-json\/wp\/v2\/posts\/4167","targetHints":{"allow":["GET"]}}],"collection":[{"href":"https:\/\/delfoscba.com.ar\/dev\/wp-json\/wp\/v2\/posts"}],"about":[{"href":"https:\/\/delfoscba.com.ar\/dev\/wp-json\/wp\/v2\/types\/post"}],"author":[{"embeddable":true,"href":"https:\/\/delfoscba.com.ar\/dev\/wp-json\/wp\/v2\/users\/1"}],"replies":[{"embeddable":true,"href":"https:\/\/delfoscba.com.ar\/dev\/wp-json\/wp\/v2\/comments?post=4167"}],"version-history":[{"count":1,"href":"https:\/\/delfoscba.com.ar\/dev\/wp-json\/wp\/v2\/posts\/4167\/revisions"}],"predecessor-version":[{"id":10755,"href":"https:\/\/delfoscba.com.ar\/dev\/wp-json\/wp\/v2\/posts\/4167\/revisions\/10755"}],"wp:featuredmedia":[{"embeddable":true,"href":"https:\/\/delfoscba.com.ar\/dev\/wp-json\/wp\/v2\/media\/4171"}],"wp:attachment":[{"href":"https:\/\/delfoscba.com.ar\/dev\/wp-json\/wp\/v2\/media?parent=4167"}],"wp:term":[{"taxonomy":"category","embeddable":true,"href":"https:\/\/delfoscba.com.ar\/dev\/wp-json\/wp\/v2\/categories?post=4167"},{"taxonomy":"post_tag","embeddable":true,"href":"https:\/\/delfoscba.com.ar\/dev\/wp-json\/wp\/v2\/tags?post=4167"}],"curies":[{"name":"wp","href":"https:\/\/api.w.org\/{rel}","templated":true}]}}