{"id":4469,"date":"2018-11-01T15:00:26","date_gmt":"2018-11-01T18:00:26","guid":{"rendered":"https:\/\/delfosold.exportech.com.ar\/?p=4469"},"modified":"2021-04-13T12:40:21","modified_gmt":"2021-04-13T12:40:21","slug":"los-cordobeses-ajustan-los-cinturones-para-enfrentar-la-crisis","status":"publish","type":"post","link":"https:\/\/delfoscba.com.ar\/dev\/economia\/los-cordobeses-ajustan-los-cinturones-para-enfrentar-la-crisis\/","title":{"rendered":"Los cordobeses ajustan los cinturones para enfrentar la crisis"},"content":{"rendered":"<p>En medio de un contexto de gran recesi\u00f3n y expectativas a futuro que se concilian cada vez m\u00e1s con ello, los cordobeses comienzan a ajustar cinturones para hacer frente a esta realidad caracterizada por recortes.<\/p>\n<p><img fetchpriority=\"high\" decoding=\"async\" class=\"aligncenter wp-image-4475 size-medium\" src=\"https:\/\/delfoscba.com.ar\/\/dev\/\/wp-content\/uploads\/2018\/11\/Diapositiva2-1-300x300.png\" alt=\"\" width=\"300\" height=\"300\" srcset=\"https:\/\/delfoscba.com.ar\/dev\/wp-content\/uploads\/2018\/11\/Diapositiva2-1-300x300.png 300w, https:\/\/delfoscba.com.ar\/dev\/wp-content\/uploads\/2018\/11\/Diapositiva2-1-150x150.png 150w, https:\/\/delfoscba.com.ar\/dev\/wp-content\/uploads\/2018\/11\/Diapositiva2-1-440x440.png 440w, https:\/\/delfoscba.com.ar\/dev\/wp-content\/uploads\/2018\/11\/Diapositiva2-1.png 657w\" sizes=\"(max-width: 300px) 100vw, 300px\" \/><\/p>\n<p>De acuerdo a nuestras \u00faltimas encuestas, 6 de cada 10 cordobeses achicaron alg\u00fan gasto. El foco principal de los mencionados recortes en la econom\u00eda familiar se halla en las salidas y la utilizaci\u00f3n del delivery. Consumos que son caracterizados como los de<\/p>\n<p><img decoding=\"async\" class=\"aligncenter wp-image-4476 size-medium\" src=\"https:\/\/delfoscba.com.ar\/\/dev\/\/wp-content\/uploads\/2018\/11\/Diapositiva3-1-300x300.png\" alt=\"\" width=\"300\" height=\"300\" srcset=\"https:\/\/delfoscba.com.ar\/dev\/wp-content\/uploads\/2018\/11\/Diapositiva3-1-300x300.png 300w, https:\/\/delfoscba.com.ar\/dev\/wp-content\/uploads\/2018\/11\/Diapositiva3-1-150x150.png 150w, https:\/\/delfoscba.com.ar\/dev\/wp-content\/uploads\/2018\/11\/Diapositiva3-1-440x440.png 440w, https:\/\/delfoscba.com.ar\/dev\/wp-content\/uploads\/2018\/11\/Diapositiva3-1.png 657w\" sizes=\"(max-width: 300px) 100vw, 300px\" \/><\/p>\n<p><img decoding=\"async\" class=\"aligncenter wp-image-4477 size-medium\" src=\"https:\/\/delfoscba.com.ar\/\/dev\/\/wp-content\/uploads\/2018\/11\/Diapositiva4-1-300x300.png\" alt=\"\" width=\"300\" height=\"300\" srcset=\"https:\/\/delfoscba.com.ar\/dev\/wp-content\/uploads\/2018\/11\/Diapositiva4-1-300x300.png 300w, https:\/\/delfoscba.com.ar\/dev\/wp-content\/uploads\/2018\/11\/Diapositiva4-1-150x150.png 150w, https:\/\/delfoscba.com.ar\/dev\/wp-content\/uploads\/2018\/11\/Diapositiva4-1-440x440.png 440w, https:\/\/delfoscba.com.ar\/dev\/wp-content\/uploads\/2018\/11\/Diapositiva4-1.png 657w\" sizes=\"(max-width: 300px) 100vw, 300px\" \/><\/p>\n<p>Este patr\u00f3n de ajuste no parece diferenciar por clase social, pero s\u00ed por estratos etarios. Los adultos j\u00f3venes representan el sector que en una proporci\u00f3n mayor ha realizado recortes en sus gastos, un 68,9% de los mismos. Por otro lado, dentro de los adultos mayores s\u00f3lo lo han hecho un 51,2%.<\/p>\n<p><img loading=\"lazy\" decoding=\"async\" class=\"wp-image-4479 size-medium aligncenter\" src=\"https:\/\/delfoscba.com.ar\/\/dev\/\/wp-content\/uploads\/2018\/11\/Diapositiva6-1-300x300.png\" alt=\"\" width=\"300\" height=\"300\" srcset=\"https:\/\/delfoscba.com.ar\/dev\/wp-content\/uploads\/2018\/11\/Diapositiva6-1-300x300.png 300w, https:\/\/delfoscba.com.ar\/dev\/wp-content\/uploads\/2018\/11\/Diapositiva6-1-150x150.png 150w, https:\/\/delfoscba.com.ar\/dev\/wp-content\/uploads\/2018\/11\/Diapositiva6-1-440x440.png 440w, https:\/\/delfoscba.com.ar\/dev\/wp-content\/uploads\/2018\/11\/Diapositiva6-1.png 657w\" sizes=\"(max-width: 300px) 100vw, 300px\" \/><br \/>\nEsto puede estar relacionado a las diferencias en la composici\u00f3n de las canastas b\u00e1sicas de los sectores. Un estrato tan vulnerable como lo es el de los adultos mayores posee una canasta b\u00e1sica compuesta por una mayor cantidad de bienes indispensables para vivir, como medicamentos, con mayor frecuencia que los adultos j\u00f3venes. Quiz\u00e1s sea esta la raz\u00f3n por la cual no pueden realizar recortes, o al menos aplazan en mayor medida los ajustes en sus gastos.<\/p>\n","protected":false},"excerpt":{"rendered":"<p>M\u00e1s de la mitad de los cordobeses achican sus gastos por el contexto econ\u00f3mico.<\/p>\n","protected":false},"author":1,"featured_media":4480,"comment_status":"open","ping_status":"open","sticky":false,"template":"","format":"standard","meta":{"_acf_changed":false,"footnotes":""},"categories":[127,2],"tags":[39,156,38,45,345,109,346,347],"class_list":["post-4469","post","type-post","status-publish","format-standard","has-post-thumbnail","hentry","category-headline","category-economia","tag-argentina","tag-consultora-delfos","tag-cordoba","tag-crisis","tag-delivery","tag-destac_3","tag-recortes","tag-salidas","et-has-post-format-content","et_post_format-et-post-format-standard"],"acf":[],"_links":{"self":[{"href":"https:\/\/delfoscba.com.ar\/dev\/wp-json\/wp\/v2\/posts\/4469","targetHints":{"allow":["GET"]}}],"collection":[{"href":"https:\/\/delfoscba.com.ar\/dev\/wp-json\/wp\/v2\/posts"}],"about":[{"href":"https:\/\/delfoscba.com.ar\/dev\/wp-json\/wp\/v2\/types\/post"}],"author":[{"embeddable":true,"href":"https:\/\/delfoscba.com.ar\/dev\/wp-json\/wp\/v2\/users\/1"}],"replies":[{"embeddable":true,"href":"https:\/\/delfoscba.com.ar\/dev\/wp-json\/wp\/v2\/comments?post=4469"}],"version-history":[{"count":1,"href":"https:\/\/delfoscba.com.ar\/dev\/wp-json\/wp\/v2\/posts\/4469\/revisions"}],"predecessor-version":[{"id":10749,"href":"https:\/\/delfoscba.com.ar\/dev\/wp-json\/wp\/v2\/posts\/4469\/revisions\/10749"}],"wp:featuredmedia":[{"embeddable":true,"href":"https:\/\/delfoscba.com.ar\/dev\/wp-json\/wp\/v2\/media\/4480"}],"wp:attachment":[{"href":"https:\/\/delfoscba.com.ar\/dev\/wp-json\/wp\/v2\/media?parent=4469"}],"wp:term":[{"taxonomy":"category","embeddable":true,"href":"https:\/\/delfoscba.com.ar\/dev\/wp-json\/wp\/v2\/categories?post=4469"},{"taxonomy":"post_tag","embeddable":true,"href":"https:\/\/delfoscba.com.ar\/dev\/wp-json\/wp\/v2\/tags?post=4469"}],"curies":[{"name":"wp","href":"https:\/\/api.w.org\/{rel}","templated":true}]}}