{"id":4482,"date":"2018-11-01T16:09:22","date_gmt":"2018-11-01T19:09:22","guid":{"rendered":"https:\/\/delfosold.exportech.com.ar\/?p=4482"},"modified":"2021-04-13T12:39:04","modified_gmt":"2021-04-13T12:39:04","slug":"ajustados-el-protocolo-de-crisis-en-cordoba-y-el-pais","status":"publish","type":"post","link":"https:\/\/delfoscba.com.ar\/dev\/notas-de-opinion\/ajustados-el-protocolo-de-crisis-en-cordoba-y-el-pais\/","title":{"rendered":"Ajustados: el protocolo de crisis en C\u00f3rdoba y el pa\u00eds"},"content":{"rendered":"<p>Por <strong>Norman Berra<\/strong><\/p>\n<p><img fetchpriority=\"high\" decoding=\"async\" class=\"aligncenter wp-image-4484 size-medium\" src=\"https:\/\/delfoscba.com.ar\/\/dev\/\/wp-content\/uploads\/2018\/11\/delfos-ajuste-300x300.png\" alt=\"\" width=\"300\" height=\"300\" srcset=\"https:\/\/delfoscba.com.ar\/dev\/wp-content\/uploads\/2018\/11\/delfos-ajuste-300x300.png 300w, https:\/\/delfoscba.com.ar\/dev\/wp-content\/uploads\/2018\/11\/delfos-ajuste-150x150.png 150w, https:\/\/delfoscba.com.ar\/dev\/wp-content\/uploads\/2018\/11\/delfos-ajuste-440x440.png 440w, https:\/\/delfoscba.com.ar\/dev\/wp-content\/uploads\/2018\/11\/delfos-ajuste.png 657w\" sizes=\"(max-width: 300px) 100vw, 300px\" \/><\/p>\n<p>En un posteo del mes de septiembre pasado introduc\u00edamos la etiqueta \u201cajustados\u201d para referirnos a datos detectados por la encuesta provincial de Delfos, a los que a su vez comparamos con la nacional del CEOP de fines de agosto: por entonces, s\u00f3lo 1 de cada 10 cordobeses\/argentinos ten\u00edan capacidad de ahorro. El resto viv\u00eda con lo justo (49% de los cordobeses y 41% de los argentinos) o no le alcanzaban sus ingresos (41% de los cordobeses y casi 47% de los argentinos). Profundizando en ese an\u00e1lisis, Delfos hab\u00eda encontrado que el 45% de los cordobeses ten\u00eda deudas, proporci\u00f3n similar a la que se registraba en 2016, el otro a\u00f1o de fuerte ajuste de la gesti\u00f3n Cambiemos (con una econom\u00eda que cay\u00f3 2,3% y una inflaci\u00f3n en torno al 40%). Las actuales estimaciones para 2018 prev\u00e9n una inflaci\u00f3n mayor (entre 40% y 45%) y tambi\u00e9n mayor ca\u00edda de la actividad (entre 2,5% y 3%), lo cual confirma a estos datos de ajuste como un efecto socioecon\u00f3mico de gesti\u00f3n de Cambiemos, lo que explica el actual malestar y el deterioro de todos los indicadores del gobierno en las diversas encuestas que venimos citando en este blog. La encuesta de Delfos cerrada a fines de septiembre permite dar una nueva vuelta de tuerca en torno a la etiqueta \u201cajustados\u201d: por la actual situaci\u00f3n econ\u00f3mica, el 63,1% de los cordobeses (1.828.734 en cifras) achic\u00f3 gastos. El ajuste fue un poco mayor en Capital (67,6%, casi 7 de cada 10) que en el interior provincial (60,2%, 6 de cada 10; ver datos arriba, click para agrandar).<\/p>\n<p><img decoding=\"async\" class=\"aligncenter wp-image-4483 size-medium\" src=\"https:\/\/delfoscba.com.ar\/\/dev\/\/wp-content\/uploads\/2018\/11\/AJUSTADOS2-300x300.jpg\" alt=\"\" width=\"300\" height=\"300\" srcset=\"https:\/\/delfoscba.com.ar\/dev\/wp-content\/uploads\/2018\/11\/AJUSTADOS2-300x300.jpg 300w, https:\/\/delfoscba.com.ar\/dev\/wp-content\/uploads\/2018\/11\/AJUSTADOS2-150x150.jpg 150w, https:\/\/delfoscba.com.ar\/dev\/wp-content\/uploads\/2018\/11\/AJUSTADOS2-440x440.jpg 440w, https:\/\/delfoscba.com.ar\/dev\/wp-content\/uploads\/2018\/11\/AJUSTADOS2.jpg 657w\" sizes=\"(max-width: 300px) 100vw, 300px\" \/><br \/>\nEl ranking del ajuste es liderado por la salida al cine, que se redujo un 71,9%; le sigui\u00f3 el delivery de comida, que sufri\u00f3 un recorte de 67,6%; en tercer t\u00e9rmino, el uso de tarjeta de cr\u00e9dito como medio de pago (-58,1%). Luego se ubican los talleres y actividades culturales (-57,6%); la salida de vacaciones (-57,2%); compra de diarios y revistas (-56.6%); gimnasio (-48,7%). La \u201ctijera\u201d fue visiblemente menor en celular (-33%), tel\u00e9fono fijo (-31,1%), servicio de internet (-28,2%) y TV por cable (-27,7%) lo que confirma que los cordobeses privilegian seguir conectados antes que otros consumos . Por clases sociales, el ajuste es parejo: 63,9% en el nivel socioecon\u00f3mico alto, 63,4% en el medio y 61,3% en el bajo, sin diferencias estad\u00edsticamente significativas, lo cual confirma que la crisis impacta en todos los grupos sociales, aunque s\u00ed hay algunos matices en el ajuste por rubro (ver datos arriba; click para agrandar). En tanto, por segmentos etarios donde m\u00e1s se nota la contracci\u00f3n es en los cordobeses de entre 30 y 49 a\u00f1os (68,9% manifiesta haber recortado gastos); seguido por los de 18 a 29 a\u00f1os (63,3%). El recorte es algo menor a partir entre 50 y 65 a\u00f1os (61,6%) y en m\u00e1s de 65 (51,2%).<\/p>\n<p><img decoding=\"async\" class=\"aligncenter wp-image-4487 size-medium\" src=\"https:\/\/delfoscba.com.ar\/\/dev\/\/wp-content\/uploads\/2018\/11\/REALE-300x243.jpg\" alt=\"\" width=\"300\" height=\"243\" srcset=\"https:\/\/delfoscba.com.ar\/dev\/wp-content\/uploads\/2018\/11\/REALE-300x243.jpg 300w, https:\/\/delfoscba.com.ar\/dev\/wp-content\/uploads\/2018\/11\/REALE-768x622.jpg 768w, https:\/\/delfoscba.com.ar\/dev\/wp-content\/uploads\/2018\/11\/REALE.jpg 779w\" sizes=\"(max-width: 300px) 100vw, 300px\" \/><br \/>\nCon matices, otras encuestas nacionales confirman el impacto del ajuste. Seg\u00fan la m\u00e1s reciente encuesta nacional de Reale y Asociados, a casi el 58% de los electores argentinos (57,6%) \u00abapenas le alcanza\u00bb lo que gana; casi el 23% (22,6%) dice que \u00abno le alcanza para nada\u00bb y apenas un 18,4% sostiene que \u00able alcanza sin dificultades\u00bb (ver datos arriba; click para agrandar). De la mano de ese malestar tambi\u00e9n empeora el sentimiento de la sociedad con el gobierno del presidente Mauricio Macri: hoy el 67% desaprueba su gesti\u00f3n, contra un 62% que la desaprobaba en agosto pasado. Sin dudas, este es el principal problema del gobierno hoy, no s\u00f3lo en C\u00f3rdoba sino a nivel pa\u00eds: las consecuencias sociales y perceptuales de un ajuste que ya se percibe y sufre, pero que ser\u00e1 peor. Esto agravar\u00e1 la ruptura de la promesa marcaria de Cambiemos, que gan\u00f3 el ballotage prometiendo a los argentinos que pod\u00edan vivir mejor y que no perder\u00edan nada de lo que ten\u00edan pero gobierna diciendo que viv\u00edan demasiado bien y que hay que sacrificarse en aras de un futuro venturoso que nunca llega. Como plantea el soci\u00f3logo Carlos de Angelis, \u00abla crisis econ\u00f3mica parece haberse instalado en la opini\u00f3n p\u00fablica como una situaci\u00f3n que durar\u00e1 mucho tiempo. El discurso del propio gobierno ha cambiado y colaborado con esto. Quedaron atr\u00e1s las promesas del \u201csegundo semestre\u201d y de \u201clo peor ya pas\u00f3\u201d. Ahora se instal\u00f3 una suerte de \u00e9pica del \u201csacrificio\u201d y el ajuste. Salvando todas las distancias, podr\u00eda evocarse la famosa frase de Winston Churchill: \u201cS\u00f3lo les prometo sangre, sudor y l\u00e1grimas\u201d (&#8230;) El ajuste parece no tener un piso. No es que la gente se ajusta un mes y ya est\u00e1, al siguiente puede tener que apretarse m\u00e1s. Lo de Javier Iguacel fue un sartenazo, m\u00e1s all\u00e1 del cambio de decisi\u00f3n que tom\u00f3 despu\u00e9s el gobierno. Por ahora un sector amplio de la sociedad-no me refiero al n\u00facleo duro opositor-est\u00e1 resignado a que se vienen muchos meses de ajuste y crisis. El tema es que en este contexto el humor social es muy din\u00e1mico. Las cosas se mueven a mucha velocidad. Un paso en falso puede disparar una reacci\u00f3n inesperada. Nadie sabe cu\u00e1l va a ser la gota que va a rebalsar el vaso\u00bb.<\/p>\n<p><img loading=\"lazy\" decoding=\"async\" class=\"aligncenter wp-image-4485 size-medium\" src=\"https:\/\/delfoscba.com.ar\/\/dev\/\/wp-content\/uploads\/2018\/11\/QUERY-300x171.png\" alt=\"\" width=\"300\" height=\"171\" srcset=\"https:\/\/delfoscba.com.ar\/dev\/wp-content\/uploads\/2018\/11\/QUERY-300x171.png 300w, https:\/\/delfoscba.com.ar\/dev\/wp-content\/uploads\/2018\/11\/QUERY.png 621w\" sizes=\"(max-width: 300px) 100vw, 300px\" \/><br \/>\nA favor del gobierno, el consultor plantea que su n\u00facleo duro acompa\u00f1a ese relato: \u00abson segmentos de la sociedad que prefieren bancarse, por ahora, una crisis que la ca\u00edda del Ejecutivo (&#8230;) \u201cLa gran pregunta es si el gobierno podr\u00e1 enfrentar, con ese discurso de la \u00e9pica del ajuste, el a\u00f1o electoral. Eso es un misterio\u201d. Efectivamente, esa es la clave, porque la ruptura de la promesa marcaria se da respecto a los electores que Cambiemos necesit\u00f3 captar para ganar por poco el ballotage: con su n\u00facleo duro (entre el 25% y el 30%) le basta para disputar la condici\u00f3n de primera minor\u00eda electoral pero no para ganar en primera vuelta (como muestran hoy todas las encuestas), con lo cual no podr\u00eda eludir un ballotage riesgoso. Y se hace cuesta arriba enfrentar el turno electoral del 2019 no ya con el ajuste visible hoy, sino con el ajuste en marcha, m\u00e1s duro todav\u00eda. En ese marco, el \u00faltimo estudio de Query Argentina confirma el pesimismo en las expectativas de los argentinos de cara al 2019: el 50% sostiene que la econom\u00eda personal el a\u00f1o que viene \u00abva a estar peor\u00bb; s\u00f3lo 20% cree que estar\u00e1 \u00abmejor\u00bb (menos que el n\u00facleo duro de Cambiemos). En tanto, un 16% respondi\u00f3 \u00abigual\u00bb, respuesta que si se considera la mala situaci\u00f3n percibida actualmente tambi\u00e9n es desfavorable: con respecto al a\u00f1o pasado, el 73% dice estar \u00abpeor\u00bb, el 13% \u00abigual\u00bb y s\u00f3lo el 10% \u00abmejor\u00bb (la mitad que el optimismo del 20% de cara al 2019; ver datos arriba, click para agrandar). En la misma l\u00ednea, ese estudio muestra que el \u00edndice de econom\u00eda personal sigue en franco descenso.<\/p>\n<p><img loading=\"lazy\" decoding=\"async\" class=\"aligncenter wp-image-4486 size-medium\" src=\"https:\/\/delfoscba.com.ar\/\/dev\/\/wp-content\/uploads\/2018\/11\/QUERY2-300x226.png\" alt=\"\" width=\"300\" height=\"226\" srcset=\"https:\/\/delfoscba.com.ar\/dev\/wp-content\/uploads\/2018\/11\/QUERY2-300x226.png 300w, https:\/\/delfoscba.com.ar\/dev\/wp-content\/uploads\/2018\/11\/QUERY2.png 631w\" sizes=\"(max-width: 300px) 100vw, 300px\" \/><\/p>\n<p>Fuente: <a href=\"http:\/\/climadeopinion.blogspot.com\/2018\/10\/ajustados-el-protocolo-de-crisis-en.html\">Clima de Opini\u00f3n<\/a><\/p>\n","protected":false},"excerpt":{"rendered":"<p>En un contexto donde se impone la \u00e9pica del sacrificio y el ajuste, los riesgos para el oficialismo de cara a las elecciones 2019 aumentan.<\/p>\n","protected":false},"author":1,"featured_media":4488,"comment_status":"open","ping_status":"open","sticky":false,"template":"","format":"standard","meta":{"_acf_changed":false,"footnotes":""},"categories":[127,6],"tags":[349,39,156,38,45,348,113,42,308,246,56],"class_list":["post-4482","post","type-post","status-publish","format-standard","has-post-thumbnail","hentry","category-headline","category-notas-de-opinion","tag-ajuste","tag-argentina","tag-consultora-delfos","tag-cordoba","tag-crisis","tag-datos","tag-destac_2","tag-economia","tag-elecciones-2019","tag-encuestas","tag-politica","et-has-post-format-content","et_post_format-et-post-format-standard"],"acf":[],"_links":{"self":[{"href":"https:\/\/delfoscba.com.ar\/dev\/wp-json\/wp\/v2\/posts\/4482","targetHints":{"allow":["GET"]}}],"collection":[{"href":"https:\/\/delfoscba.com.ar\/dev\/wp-json\/wp\/v2\/posts"}],"about":[{"href":"https:\/\/delfoscba.com.ar\/dev\/wp-json\/wp\/v2\/types\/post"}],"author":[{"embeddable":true,"href":"https:\/\/delfoscba.com.ar\/dev\/wp-json\/wp\/v2\/users\/1"}],"replies":[{"embeddable":true,"href":"https:\/\/delfoscba.com.ar\/dev\/wp-json\/wp\/v2\/comments?post=4482"}],"version-history":[{"count":1,"href":"https:\/\/delfoscba.com.ar\/dev\/wp-json\/wp\/v2\/posts\/4482\/revisions"}],"predecessor-version":[{"id":10748,"href":"https:\/\/delfoscba.com.ar\/dev\/wp-json\/wp\/v2\/posts\/4482\/revisions\/10748"}],"wp:featuredmedia":[{"embeddable":true,"href":"https:\/\/delfoscba.com.ar\/dev\/wp-json\/wp\/v2\/media\/4488"}],"wp:attachment":[{"href":"https:\/\/delfoscba.com.ar\/dev\/wp-json\/wp\/v2\/media?parent=4482"}],"wp:term":[{"taxonomy":"category","embeddable":true,"href":"https:\/\/delfoscba.com.ar\/dev\/wp-json\/wp\/v2\/categories?post=4482"},{"taxonomy":"post_tag","embeddable":true,"href":"https:\/\/delfoscba.com.ar\/dev\/wp-json\/wp\/v2\/tags?post=4482"}],"curies":[{"name":"wp","href":"https:\/\/api.w.org\/{rel}","templated":true}]}}