{"id":45,"date":"2004-03-03T19:23:22","date_gmt":"2004-03-03T19:23:22","guid":{"rendered":"https:\/\/delfosold.exportech.com.ar\/?p=45"},"modified":"2021-04-21T19:45:31","modified_gmt":"2021-04-21T19:45:31","slug":"el-65-por-ciento-de-los-cordobeses-no-sintio-el-crecimiento-de-la-economia","status":"publish","type":"post","link":"https:\/\/delfoscba.com.ar\/dev\/economia\/el-65-por-ciento-de-los-cordobeses-no-sintio-el-crecimiento-de-la-economia\/","title":{"rendered":"El 65 por ciento de los cordobeses no sinti\u00f3 el crecimiento de la econom\u00eda"},"content":{"rendered":"<p>El 65 por ciento de los cordobeses no sinti\u00f3 el crecimiento del 8,4 por ciento de la econom\u00eda que se registr\u00f3 durante el 2003, fundamentalmente porque perciben que \u00abtodo sigue igual que antes\u00bb, porque \u00abno hubo aumento de salarios\u00bb o porque se mantienen sin trabajo. El dato surge de la \u00faltima encuesta realizada por la consultora DELFOS en C\u00f3rdoba Capital, durante la semana pasada.<\/p>\n<p>Los indicadores positivos difundidos en los \u00faltimos tiempos respecto de la recuperaci\u00f3n de la econom\u00eda nacional contrastan con la realidad cotidiana de los cordobeses. Los habitantes de esta parte del mundo mantienen una fuerte expectativa en que el actual gobierno ponga en marcha al pa\u00eds, pero tambi\u00e9n observan que la situaci\u00f3n social a\u00fan presenta las caracter\u00edsticas posteriores a la crisis.<\/p>\n<p>A su vez, s\u00f3lo el 34 por ciento dijo haber sentido la mejora que se\u00f1alan los n\u00fameros en la administraci\u00f3n nacional, y apoyan esa opini\u00f3n en que existen \u00abm\u00e1s expectativas laborales\u00bb por un mejoramiento en la situaci\u00f3n personal y porque \u00abhay m\u00e1s plata dando vuelta\u00bb. El sector que m\u00e1s sinti\u00f3 el crecimiento es el medio alto, quiz\u00e1 porque fue de los segmentos m\u00e1s golpeados por la crisis. Por edades, los mayores son quienes han sentido en mayor medida una mejora.<\/p>\n<p style=\"text-align: right;\">03\/03\/2004<\/p>\n","protected":false},"excerpt":{"rendered":"<p>El 65 por ciento de los cordobeses no sinti\u00f3 el crecimiento del 8,4 por ciento de la econom\u00eda que se registr\u00f3 durante el 2003, fundamentalmente porque perciben que \u00abtodo sigue igual que antes\u00bb, porque \u00abno hubo aumento de salarios\u00bb o porque se mantienen sin trabajo. <\/p>\n","protected":false},"author":1,"featured_media":48,"comment_status":"open","ping_status":"open","sticky":false,"template":"","format":"standard","meta":{"_acf_changed":false,"footnotes":""},"categories":[2],"tags":[],"class_list":["post-45","post","type-post","status-publish","format-standard","has-post-thumbnail","hentry","category-economia","et-has-post-format-content","et_post_format-et-post-format-standard"],"acf":[],"_links":{"self":[{"href":"https:\/\/delfoscba.com.ar\/dev\/wp-json\/wp\/v2\/posts\/45","targetHints":{"allow":["GET"]}}],"collection":[{"href":"https:\/\/delfoscba.com.ar\/dev\/wp-json\/wp\/v2\/posts"}],"about":[{"href":"https:\/\/delfoscba.com.ar\/dev\/wp-json\/wp\/v2\/types\/post"}],"author":[{"embeddable":true,"href":"https:\/\/delfoscba.com.ar\/dev\/wp-json\/wp\/v2\/users\/1"}],"replies":[{"embeddable":true,"href":"https:\/\/delfoscba.com.ar\/dev\/wp-json\/wp\/v2\/comments?post=45"}],"version-history":[{"count":2,"href":"https:\/\/delfoscba.com.ar\/dev\/wp-json\/wp\/v2\/posts\/45\/revisions"}],"predecessor-version":[{"id":11012,"href":"https:\/\/delfoscba.com.ar\/dev\/wp-json\/wp\/v2\/posts\/45\/revisions\/11012"}],"wp:featuredmedia":[{"embeddable":true,"href":"https:\/\/delfoscba.com.ar\/dev\/wp-json\/wp\/v2\/media\/48"}],"wp:attachment":[{"href":"https:\/\/delfoscba.com.ar\/dev\/wp-json\/wp\/v2\/media?parent=45"}],"wp:term":[{"taxonomy":"category","embeddable":true,"href":"https:\/\/delfoscba.com.ar\/dev\/wp-json\/wp\/v2\/categories?post=45"},{"taxonomy":"post_tag","embeddable":true,"href":"https:\/\/delfoscba.com.ar\/dev\/wp-json\/wp\/v2\/tags?post=45"}],"curies":[{"name":"wp","href":"https:\/\/api.w.org\/{rel}","templated":true}]}}