{"id":478,"date":"2011-05-28T01:05:56","date_gmt":"2011-05-28T01:05:56","guid":{"rendered":"https:\/\/delfosold.exportech.com.ar\/?p=478"},"modified":"2021-04-21T18:28:40","modified_gmt":"2021-04-21T18:28:40","slug":"extraterrestres-con-tonada","status":"publish","type":"post","link":"https:\/\/delfoscba.com.ar\/dev\/el-dato-de-delfos\/extraterrestres-con-tonada\/","title":{"rendered":"Extraterrestres con tonada"},"content":{"rendered":"<p>El informe dela Consultora Delfos sobre \u201cMitos y Creencias\u201c, devel\u00f3 que el 52 por ciento de los cordobeses piensa que los extraterrestres existen.<\/p>\n<h3>\u201cET de clase media\u201d<\/h3>\n<p>Los resultados seg\u00fan nivel socioecon\u00f3mico muestran que en la clase media es donde se da el indicador m\u00e1s alto de creencia en ETs, seis de cada 10 cordobeses de este sector creen en los ovnis (60%).<br \/>\n<img decoding=\"async\" src=\"https:\/\/delfosold.exportech.com.ar\/images\/notas\/et1.jpg\" alt=\"\" \/><br \/>\nEn la clase alta las opiniones est\u00e1n divididas aunque hay un porcentaje levemente mayor a favor de la creencia en ETs.<br \/>\nFinalmente en la clase baja es donde mayor escepticismo existe ya que casi seis de cada diez no contemplan la posibilidad de que exista vida fuera de la Tierra.<\/p>\n<h3>\u201cLos mayores son los que menos creen\u201d<\/h3>\n<p>Los cordobeses que m\u00e1s creen en estos fen\u00f3menos son los adultos de 30 a 49 a\u00f1os, donde seis de cada consideran que \u201cno est\u00e1n solos en el universo\u201d.<br \/>\n<img decoding=\"async\" src=\"https:\/\/delfosold.exportech.com.ar\/images\/notas\/et2.jpg\" alt=\"\" \/><br \/>\nEntre los j\u00f3venes la mitad cree y la otra mitad no, finalmente los mayores de 50 son los que menos creen en Ets.<\/p>\n<h3>\u201cEllos son m\u00e1s cr\u00e9dulos&#8230; ellas creen que est\u00e1n solas en el universo\u201d<\/h3>\n<p>Los extraterrestres tienen mayor receptividad entre los hombres, ya que seis de cada 10 consideran que son reales. En cambio entre las mujeres igual proporci\u00f3n manifest\u00f3 lo contrario.<br \/>\n<img decoding=\"async\" src=\"https:\/\/delfosold.exportech.com.ar\/images\/notas\/et3.jpg\" alt=\"\" \/><br \/>\nTanto entre los varones j\u00f3venes y los adultos el \u00edndice de creencia en ETs es el mismo y se sit\u00faa en torno del 60 por ciento. Incluso entre los cincuentenarios si bien el porcentaje disminuye, es mayor\u00eda la tendencia a creer.<br \/>\nLas mujeres por su parte, solo en la franja de adultas la cantidad de las que creen en extraterrestres supera a las que no creen. Entre las j\u00f3venes y las mayores de 50 son mayor\u00eda las que no creen en la existencia de vida fuera de la tierra.<\/p>\n<h3>Fuente de Informaci\u00f3n<\/h3>\n<p>&#8211; Encuesta de la <a href=\"http:\/\/twitter.com\/#!\/delfoscba\" target=\"_blank\" rel=\"noopener\"><span style=\"color: #0000ff;\">Consultora Delfos<\/span><\/a> sobre 500 casos domiciliarios en la Ciudad de C\u00f3rdoba.<\/p>\n<p><strong><span style=\"text-decoration: underline;\">&#8211; Realizaci\u00f3n del Informe<\/span><\/strong>: Santiago G\u00f3mez<span style=\"color: #0000ff;\"> <span style=\"color: #0000ff;\"> <a href=\"http:\/\/twitter.com\/#!\/SantyGomez\" target=\"_self\" rel=\"noopener\"><span style=\"color: #0000ff;\">@SantyGomez<\/span><\/a><\/span><\/span><\/p>\n<p>&#8211; Tel: 351 &#8211; 526 1127 \/ 08<br \/>\n<img fetchpriority=\"high\" decoding=\"async\" title=\"delfos_430x150_01 (2)\" src=\"https:\/\/delfoscba.com.ar\/\/dev\/\/wp-content\/uploads\/2011\/05\/delfos_430x150_01-2.gif\" alt=\"\" width=\"430\" height=\"150\" \/><\/p>\n","protected":false},"excerpt":{"rendered":"<p>Los resultados develan que los hombres son los que m\u00e1s creen en la vida extraterrestre. En este sentido para seis de cada 10 el famoso ET ser\u00eda m\u00e1s que una pel\u00edcula. En cambio entre las mujeres igual proporci\u00f3n considera que es pura fantas\u00eda.<\/p>\n","protected":false},"author":1,"featured_media":2114,"comment_status":"open","ping_status":"open","sticky":false,"template":"","format":"standard","meta":{"_acf_changed":false,"footnotes":""},"categories":[90],"tags":[],"class_list":["post-478","post","type-post","status-publish","format-standard","has-post-thumbnail","hentry","category-el-dato-de-delfos","et-has-post-format-content","et_post_format-et-post-format-standard"],"acf":[],"_links":{"self":[{"href":"https:\/\/delfoscba.com.ar\/dev\/wp-json\/wp\/v2\/posts\/478","targetHints":{"allow":["GET"]}}],"collection":[{"href":"https:\/\/delfoscba.com.ar\/dev\/wp-json\/wp\/v2\/posts"}],"about":[{"href":"https:\/\/delfoscba.com.ar\/dev\/wp-json\/wp\/v2\/types\/post"}],"author":[{"embeddable":true,"href":"https:\/\/delfoscba.com.ar\/dev\/wp-json\/wp\/v2\/users\/1"}],"replies":[{"embeddable":true,"href":"https:\/\/delfoscba.com.ar\/dev\/wp-json\/wp\/v2\/comments?post=478"}],"version-history":[{"count":1,"href":"https:\/\/delfoscba.com.ar\/dev\/wp-json\/wp\/v2\/posts\/478\/revisions"}],"predecessor-version":[{"id":10967,"href":"https:\/\/delfoscba.com.ar\/dev\/wp-json\/wp\/v2\/posts\/478\/revisions\/10967"}],"wp:featuredmedia":[{"embeddable":true,"href":"https:\/\/delfoscba.com.ar\/dev\/wp-json\/wp\/v2\/media\/2114"}],"wp:attachment":[{"href":"https:\/\/delfoscba.com.ar\/dev\/wp-json\/wp\/v2\/media?parent=478"}],"wp:term":[{"taxonomy":"category","embeddable":true,"href":"https:\/\/delfoscba.com.ar\/dev\/wp-json\/wp\/v2\/categories?post=478"},{"taxonomy":"post_tag","embeddable":true,"href":"https:\/\/delfoscba.com.ar\/dev\/wp-json\/wp\/v2\/tags?post=478"}],"curies":[{"name":"wp","href":"https:\/\/api.w.org\/{rel}","templated":true}]}}