{"id":83,"date":"2010-08-16T21:47:05","date_gmt":"2010-08-17T00:47:05","guid":{"rendered":"https:\/\/delfosold.exportech.com.ar\/?p=83"},"modified":"2021-04-21T18:33:35","modified_gmt":"2021-04-21T18:33:35","slug":"la-seleccion-motivo-de-union-nacional-2","status":"publish","type":"post","link":"https:\/\/delfoscba.com.ar\/dev\/el-dato-de-delfos\/la-seleccion-motivo-de-union-nacional-2\/","title":{"rendered":"La selecci\u00f3n, motivo de uni\u00f3n nacional"},"content":{"rendered":"<p>El 62 por ciento coloco al \u201cequipo del Diego\u201d en la punta, a 10 puntos y en segundo lugar quedo \u201cla bandera\u201d. El podio lo complet\u00f3 el \u201chimno\u201d.<\/p>\n<p>En el a\u00f1o del \u201cBicentenario\u201d y del \u201cMundial\u201d la <span style=\"color: #ff0000;\"><strong><span style=\"color: #800000;\">Consultora Delfo<\/span><\/strong><\/span><span style=\"color: #800000;\"><strong>s<\/strong><\/span> indag\u00f3 entre los cordobeses por cual consideraban que era el principal motivo de uni\u00f3n entre los argentinos.<\/p>\n<h5><span style=\"font-weight: normal; font-size: x-small;\"><img decoding=\"async\" src=\"https:\/\/delfosold.exportech.com.ar\/images\/notas\/union.jpg\" alt=\"\" \/><\/span><\/h5>\n<p>En una sociedad futbolera como la argentina y con el mundial en marcha no sorprende que la mayor\u00eda (62%) se haya inclinado por la \u201cselecci\u00f3n\u201d como la principal causa que logra unir al pa\u00eds.<\/p>\n<p>Detr\u00e1s qued\u00f3 ubicada la bandera con el 52 por ciento, el himno nacional con el 27% y en cuarto y quinto lugar la m\u00fasica t\u00edpica argentina: el folklore y el tango respectivamente.<\/p>\n<p>La preponderancia del f\u00fatbol se hace m\u00e1s clara entre las nuevas generaciones y va perdiendo fuerza a medida quese crece en a\u00f1os.<\/p>\n<h5><span style=\"font-weight: normal; font-size: x-small;\"><img decoding=\"async\" src=\"https:\/\/delfosold.exportech.com.ar\/images\/notas\/union-edad.jpg\" alt=\"\" \/><\/span><\/h5>\n<p>Entre los j\u00f3venes el \u201cequipo nacional\u201d es lo m\u00e1s importarte para el 73 por ciento pero entre lo mayores de 50 el indicador cae al 41 por ciento y crece el reconocimiento a los s\u00edmbolos patrios (bandera e himno).<\/p>\n<p>Por nivel socioecon\u00f3mico la clase alta es la que pone m\u00e1s la mira en la selecci\u00f3n, los cordobeses del sector medio rescatan m\u00e1s a la bandera y al himno es m\u00e1s destacado por los estratos bajos.<\/p>\n<p>Finalmente algo que es de suponer son los hombres los que mayor importancia le dan al seleccionado de futbol.<\/p>\n<p><strong><span style=\"text-decoration: underline;\">Trazando un Perfil de Preferencias<\/span><\/strong><\/p>\n<h5><span style=\"font-weight: normal; font-size: x-small;\"><img decoding=\"async\" src=\"https:\/\/delfosold.exportech.com.ar\/images\/notas\/union-sintesis.jpg\" alt=\"\" \/><\/span><\/h5>\n<h4>Fuente de Informaci\u00f3n<\/h4>\n<p>&#8211;<span style=\"text-decoration: underline;\"><strong>Informe y an\u00e1lisis:<\/strong><\/span> Santiago G\u00f3mez <span style=\"color: #0000ff;\">santiago.gomez@delfoscba.com.a<\/span><span style=\"color: #0000ff;\">r<\/span><\/p>\n<p>-Tel: 351 5261127 Encuesta realizada por la Consultora Delfos en conjunto con la Revista de Negocios Punto a Punto (Respuesta de m\u00faltiple opci\u00f3n) Base: 500 casos domiciliarios en C\u00f3rdoba Capital.<\/p>\n","protected":false},"excerpt":{"rendered":"<p>El 62 por ciento coloco al \u201cequipo del Diego\u201d en la punta, a 10 puntos y en segundo lugar quedo \u201cla bandera\u201d. El podio lo complet\u00f3 el \u201chimno\u201d.<\/p>\n","protected":false},"author":1,"featured_media":2099,"comment_status":"open","ping_status":"open","sticky":false,"template":"","format":"standard","meta":{"_acf_changed":false,"footnotes":""},"categories":[90],"tags":[89],"class_list":["post-83","post","type-post","status-publish","format-standard","has-post-thumbnail","hentry","category-el-dato-de-delfos","tag-diego-maradona","et-has-post-format-content","et_post_format-et-post-format-standard"],"acf":[],"_links":{"self":[{"href":"https:\/\/delfoscba.com.ar\/dev\/wp-json\/wp\/v2\/posts\/83","targetHints":{"allow":["GET"]}}],"collection":[{"href":"https:\/\/delfoscba.com.ar\/dev\/wp-json\/wp\/v2\/posts"}],"about":[{"href":"https:\/\/delfoscba.com.ar\/dev\/wp-json\/wp\/v2\/types\/post"}],"author":[{"embeddable":true,"href":"https:\/\/delfoscba.com.ar\/dev\/wp-json\/wp\/v2\/users\/1"}],"replies":[{"embeddable":true,"href":"https:\/\/delfoscba.com.ar\/dev\/wp-json\/wp\/v2\/comments?post=83"}],"version-history":[{"count":1,"href":"https:\/\/delfoscba.com.ar\/dev\/wp-json\/wp\/v2\/posts\/83\/revisions"}],"predecessor-version":[{"id":10979,"href":"https:\/\/delfoscba.com.ar\/dev\/wp-json\/wp\/v2\/posts\/83\/revisions\/10979"}],"wp:featuredmedia":[{"embeddable":true,"href":"https:\/\/delfoscba.com.ar\/dev\/wp-json\/wp\/v2\/media\/2099"}],"wp:attachment":[{"href":"https:\/\/delfoscba.com.ar\/dev\/wp-json\/wp\/v2\/media?parent=83"}],"wp:term":[{"taxonomy":"category","embeddable":true,"href":"https:\/\/delfoscba.com.ar\/dev\/wp-json\/wp\/v2\/categories?post=83"},{"taxonomy":"post_tag","embeddable":true,"href":"https:\/\/delfoscba.com.ar\/dev\/wp-json\/wp\/v2\/tags?post=83"}],"curies":[{"name":"wp","href":"https:\/\/api.w.org\/{rel}","templated":true}]}}